{"id":4248,"date":"2025-02-03T09:21:23","date_gmt":"2025-02-03T12:21:23","guid":{"rendered":"https:\/\/noticiasregionais.com.br\/?p=4248"},"modified":"2025-02-03T09:21:34","modified_gmt":"2025-02-03T12:21:34","slug":"prefeitura-reforca-apoio-a-criacao-do-curso-de-direito-na-unesp-de-ourinhos","status":"publish","type":"post","link":"https:\/\/noticiasregionais.com.br\/?p=4248","title":{"rendered":"Prefeitura refor\u00e7a apoio \u00e0 cria\u00e7\u00e3o do curso de Direito na Unesp de Ourinhos"},"content":{"rendered":"\n<p>A Prefeitura Municipal de Ourinhos reafirmou seu compromisso com a educa\u00e7\u00e3o superior ao encaminhar, nesta quinta-feira (30), um of\u00edcio \u00e0 Reitoria da Unesp manifestando total apoio \u00e0 poss\u00edvel implanta\u00e7\u00e3o do curso de Direito na cidade. A iniciativa surgiu ap\u00f3s uma reuni\u00e3o produtiva no Gabinete com representantes da Faculdade de Ci\u00eancias, Tecnologia e Educa\u00e7\u00e3o (FCTE\/Unesp).<\/p>\n\n\n\n<p>O prefeito Guilherme Gon\u00e7alves, acompanhado do vice-prefeito Alexandre Zoio e do procurador-geral Andr\u00e9 Mello, destacou a relev\u00e2ncia da nova gradua\u00e7\u00e3o para a unidade de Ourinhos e garantiu a colabora\u00e7\u00e3o do munic\u00edpio em todas as etapas necess\u00e1rias. A Prefeitura se comprometeu a viabilizar ajustes, conv\u00eanios e demais a\u00e7\u00f5es para apoiar o desenvolvimento da estrutura do curso, incluindo a implementa\u00e7\u00e3o do Escrit\u00f3rio de Assist\u00eancia Jur\u00eddica (EAJ), essencial para a forma\u00e7\u00e3o acad\u00eamica e o atendimento \u00e0 comunidade.<\/p>\n\n\n\n<p>A expectativa \u00e9 que a expans\u00e3o acad\u00eamica fortale\u00e7a a Unesp e amplie as oportunidades educacionais e profissionais na regi\u00e3o.<\/p>\n\n\n<div class=\"wp-block-image\">\n<figure class=\"aligncenter size-large\"><img decoding=\"async\" width=\"718\" height=\"1024\" src=\"https:\/\/noticiasregionais.com.br\/wp-content\/uploads\/2025\/02\/WhatsApp-Image-2025-01-31-at-17.37.06-718x1024.jpeg\" alt=\"\" class=\"wp-image-4249\" srcset=\"https:\/\/noticiasregionais.com.br\/wp-content\/uploads\/2025\/02\/WhatsApp-Image-2025-01-31-at-17.37.06-718x1024.jpeg 718w, https:\/\/noticiasregionais.com.br\/wp-content\/uploads\/2025\/02\/WhatsApp-Image-2025-01-31-at-17.37.06-210x300.jpeg 210w, https:\/\/noticiasregionais.com.br\/wp-content\/uploads\/2025\/02\/WhatsApp-Image-2025-01-31-at-17.37.06-768x1095.jpeg 768w, https:\/\/noticiasregionais.com.br\/wp-content\/uploads\/2025\/02\/WhatsApp-Image-2025-01-31-at-17.37.06-1077x1536.jpeg 1077w, https:\/\/noticiasregionais.com.br\/wp-content\/uploads\/2025\/02\/WhatsApp-Image-2025-01-31-at-17.37.06.jpeg 1122w\" sizes=\"(max-width: 718px) 100vw, 718px\" \/><\/figure>\n<\/div><input type=\"hidden\" id=\"baseurl\" value=\"https:\/\/noticiasregionais.com.br\"><input type=\"hidden\" id=\"audio_nonce\" value=\"9ddf44ba02\">","protected":false},"excerpt":{"rendered":"<p>A Prefeitura Municipal de Ourinhos reafirmou seu compromisso com a educa\u00e7\u00e3o superior ao encaminhar, nesta quinta-feira (30), um of\u00edcio \u00e0&hellip;<\/p>\n","protected":false},"author":1,"featured_media":4250,"comment_status":"closed","ping_status":"open","sticky":false,"template":"","format":"standard","meta":{"sfsi_plus_gutenberg_text_before_share":"","sfsi_plus_gutenberg_show_text_before_share":"","sfsi_plus_gutenberg_icon_type":"","sfsi_plus_gutenberg_icon_alignemt":"","sfsi_plus_gutenburg_max_per_row":"","footnotes":""},"categories":[5,10,1],"tags":[],"class_list":["post-4248","post","type-post","status-publish","format-standard","has-post-thumbnail","hentry","category-ourinhos","category-destaques","category-noticias"],"_links":{"self":[{"href":"https:\/\/noticiasregionais.com.br\/index.php?rest_route=\/wp\/v2\/posts\/4248","targetHints":{"allow":["GET"]}}],"collection":[{"href":"https:\/\/noticiasregionais.com.br\/index.php?rest_route=\/wp\/v2\/posts"}],"about":[{"href":"https:\/\/noticiasregionais.com.br\/index.php?rest_route=\/wp\/v2\/types\/post"}],"author":[{"embeddable":true,"href":"https:\/\/noticiasregionais.com.br\/index.php?rest_route=\/wp\/v2\/users\/1"}],"replies":[{"embeddable":true,"href":"https:\/\/noticiasregionais.com.br\/index.php?rest_route=%2Fwp%2Fv2%2Fcomments&post=4248"}],"version-history":[{"count":1,"href":"https:\/\/noticiasregionais.com.br\/index.php?rest_route=\/wp\/v2\/posts\/4248\/revisions"}],"predecessor-version":[{"id":4251,"href":"https:\/\/noticiasregionais.com.br\/index.php?rest_route=\/wp\/v2\/posts\/4248\/revisions\/4251"}],"wp:featuredmedia":[{"embeddable":true,"href":"https:\/\/noticiasregionais.com.br\/index.php?rest_route=\/wp\/v2\/media\/4250"}],"wp:attachment":[{"href":"https:\/\/noticiasregionais.com.br\/index.php?rest_route=%2Fwp%2Fv2%2Fmedia&parent=4248"}],"wp:term":[{"taxonomy":"category","embeddable":true,"href":"https:\/\/noticiasregionais.com.br\/index.php?rest_route=%2Fwp%2Fv2%2Fcategories&post=4248"},{"taxonomy":"post_tag","embeddable":true,"href":"https:\/\/noticiasregionais.com.br\/index.php?rest_route=%2Fwp%2Fv2%2Ftags&post=4248"}],"curies":[{"name":"wp","href":"https:\/\/api.w.org\/{rel}","templated":true}]}}