{"id":4255,"date":"2025-02-04T09:22:53","date_gmt":"2025-02-04T12:22:53","guid":{"rendered":"https:\/\/noticiasregionais.com.br\/?p=4255"},"modified":"2025-02-04T09:24:30","modified_gmt":"2025-02-04T12:24:30","slug":"ministerio-da-saude-alerta-para-aumento-de-casos-de-febre-amarela-em-quatro-estados","status":"publish","type":"post","link":"https:\/\/noticiasregionais.com.br\/?p=4255","title":{"rendered":"Minist\u00e9rio da Sa\u00fade alerta para aumento de casos de febre amarela em quatro estados incluindo SP"},"content":{"rendered":"\n<p class=\"has-text-align-center\"><strong>Autoridades refor\u00e7am necessidade de vacina\u00e7\u00e3o e monitoramento da doen\u00e7a<\/strong><\/p>\n\n\n\n<p>O Minist\u00e9rio da Sa\u00fade emitiu um comunicado neste domingo (2) alertando para o aumento da transmiss\u00e3o da febre amarela durante o per\u00edodo de maior incid\u00eancia da doen\u00e7a, que ocorre entre dezembro e maio. Estados como S\u00e3o Paulo, Minas Gerais, Roraima e Tocantins registraram um crescimento no n\u00famero de casos, com S\u00e3o Paulo sendo o mais afetado at\u00e9 o momento. Para fortalecer a vigil\u00e2ncia e a imuniza\u00e7\u00e3o, o Minist\u00e9rio encaminhou uma nota t\u00e9cnica \u00e0s Secretarias de Sa\u00fade estaduais com diretrizes para conter a propaga\u00e7\u00e3o do v\u00edrus.<\/p>\n\n\n\n<p>Em Ribeir\u00e3o Preto (SP), 20 casos da doen\u00e7a foram confirmados em 2025. Outras cidades paulistas, como Campinas, Colina, Osasco, Bragan\u00e7a Paulista, Pedra Bela e Pinhalzinho, tamb\u00e9m registraram ocorr\u00eancias.<\/p>\n\n\n\n<p><strong>Refor\u00e7o na vacina\u00e7\u00e3o<\/strong><\/p>\n\n\n\n<p>Diante do aumento expressivo de casos, o Minist\u00e9rio da Sa\u00fade decidiu ampliar o envio de doses da vacina contra a febre amarela para S\u00e3o Paulo. O estado deve receber um total de dois milh\u00f5es de doses at\u00e9 o in\u00edcio deste m\u00eas, incluindo um refor\u00e7o de 800 mil doses extras, al\u00e9m do milh\u00e3o de doses j\u00e1 distribu\u00eddas em janeiro.<\/p>\n\n\n\n<p>O Minist\u00e9rio tamb\u00e9m tem trabalhado em conjunto com a Secretaria Estadual de Sa\u00fade de S\u00e3o Paulo para investigar os casos suspeitos e confirmados em Ribeir\u00e3o Preto. Al\u00e9m disso, uma reuni\u00e3o com t\u00e9cnicos da pasta e profissionais da sa\u00fade das cidades da regi\u00e3o est\u00e1 programada para a pr\u00f3xima semana, em Campinas.<\/p>\n\n\n\n<p>O estoque nacional de vacinas contra a febre amarela est\u00e1 mantido dentro dos padr\u00f5es regulares, com distribui\u00e7\u00e3o sendo realizada conforme a demanda dos estados, que s\u00e3o respons\u00e1veis pela redistribui\u00e7\u00e3o aos munic\u00edpios.<\/p>\n\n\n\n<p><strong>Recomenda\u00e7\u00f5es para viajantes e popula\u00e7\u00f5es em \u00e1reas de risco<\/strong><\/p>\n\n\n\n<p>Pessoas que planejam viajar para locais com ocorr\u00eancia da febre amarela ou para \u00e1reas rurais e de mata devem verificar se est\u00e3o com a vacina\u00e7\u00e3o em dia. Quem ainda n\u00e3o recebeu a imuniza\u00e7\u00e3o ou tomou a dose fracionada em 2018 deve procurar uma unidade de sa\u00fade pelo menos dez dias antes da viagem para garantir a prote\u00e7\u00e3o contra o v\u00edrus.<\/p>\n\n\n\n<p>A vacina\u00e7\u00e3o tamb\u00e9m \u00e9 recomendada para:<\/p>\n\n\n\n<ul class=\"wp-block-list\">\n<li>Moradores de regi\u00f5es com circula\u00e7\u00e3o do v\u00edrus ou de zonas rurais;<\/li>\n\n\n\n<li>Comunidades ribeirinhas e popula\u00e7\u00f5es pr\u00f3ximas a parques e reservas naturais;<\/li>\n\n\n\n<li>Trabalhadores rurais, do setor agropecu\u00e1rio e ambiental;<\/li>\n\n\n\n<li>Indiv\u00edduos que frequentam \u00e1reas de risco, como turistas e profissionais em deslocamento para locais afetados.<\/li>\n<\/ul>\n\n\n\n<p>A febre amarela \u00e9 uma doen\u00e7a grave, mas preven\u00edvel por vacina\u00e7\u00e3o. Manter a imuniza\u00e7\u00e3o em dia \u00e9 essencial para evitar a dissemina\u00e7\u00e3o do v\u00edrus e garantir a seguran\u00e7a de toda a popula\u00e7\u00e3o.<\/p>\n<input type=\"hidden\" id=\"baseurl\" value=\"https:\/\/noticiasregionais.com.br\"><input type=\"hidden\" id=\"audio_nonce\" value=\"9ddf44ba02\">","protected":false},"excerpt":{"rendered":"<p>Autoridades refor\u00e7am necessidade de vacina\u00e7\u00e3o e monitoramento da doen\u00e7a O Minist\u00e9rio da Sa\u00fade emitiu um comunicado neste domingo (2) alertando&hellip;<\/p>\n","protected":false},"author":1,"featured_media":4256,"comment_status":"closed","ping_status":"open","sticky":false,"template":"","format":"standard","meta":{"sfsi_plus_gutenberg_text_before_share":"","sfsi_plus_gutenberg_show_text_before_share":"","sfsi_plus_gutenberg_icon_type":"","sfsi_plus_gutenberg_icon_alignemt":"","sfsi_plus_gutenburg_max_per_row":"","footnotes":""},"categories":[8,10,1],"tags":[],"class_list":["post-4255","post","type-post","status-publish","format-standard","has-post-thumbnail","hentry","category-brasil","category-destaques","category-noticias"],"_links":{"self":[{"href":"https:\/\/noticiasregionais.com.br\/index.php?rest_route=\/wp\/v2\/posts\/4255","targetHints":{"allow":["GET"]}}],"collection":[{"href":"https:\/\/noticiasregionais.com.br\/index.php?rest_route=\/wp\/v2\/posts"}],"about":[{"href":"https:\/\/noticiasregionais.com.br\/index.php?rest_route=\/wp\/v2\/types\/post"}],"author":[{"embeddable":true,"href":"https:\/\/noticiasregionais.com.br\/index.php?rest_route=\/wp\/v2\/users\/1"}],"replies":[{"embeddable":true,"href":"https:\/\/noticiasregionais.com.br\/index.php?rest_route=%2Fwp%2Fv2%2Fcomments&post=4255"}],"version-history":[{"count":2,"href":"https:\/\/noticiasregionais.com.br\/index.php?rest_route=\/wp\/v2\/posts\/4255\/revisions"}],"predecessor-version":[{"id":4258,"href":"https:\/\/noticiasregionais.com.br\/index.php?rest_route=\/wp\/v2\/posts\/4255\/revisions\/4258"}],"wp:featuredmedia":[{"embeddable":true,"href":"https:\/\/noticiasregionais.com.br\/index.php?rest_route=\/wp\/v2\/media\/4256"}],"wp:attachment":[{"href":"https:\/\/noticiasregionais.com.br\/index.php?rest_route=%2Fwp%2Fv2%2Fmedia&parent=4255"}],"wp:term":[{"taxonomy":"category","embeddable":true,"href":"https:\/\/noticiasregionais.com.br\/index.php?rest_route=%2Fwp%2Fv2%2Fcategories&post=4255"},{"taxonomy":"post_tag","embeddable":true,"href":"https:\/\/noticiasregionais.com.br\/index.php?rest_route=%2Fwp%2Fv2%2Ftags&post=4255"}],"curies":[{"name":"wp","href":"https:\/\/api.w.org\/{rel}","templated":true}]}}