{"id":4259,"date":"2025-02-04T10:18:36","date_gmt":"2025-02-04T13:18:36","guid":{"rendered":"https:\/\/noticiasregionais.com.br\/?p=4259"},"modified":"2025-02-04T10:18:40","modified_gmt":"2025-02-04T13:18:40","slug":"prefeitura-de-salto-grande-promove-capacitacao-para-aprimorar-licitacoes-e-contratacoes","status":"publish","type":"post","link":"https:\/\/noticiasregionais.com.br\/?p=4259","title":{"rendered":"Prefeitura de Salto Grande promove capacita\u00e7\u00e3o para aprimorar licita\u00e7\u00f5es e contrata\u00e7\u00f5es"},"content":{"rendered":"\n<p>Com o objetivo de modernizar a gest\u00e3o p\u00fablica e aprimorar os processos licitat\u00f3rios, a Prefeitura, sob a lideran\u00e7a do prefeito M\u00e1rio Rosa, realizou um curso de capacita\u00e7\u00e3o destinado a pregoeiros, equipes de apoio e agentes de contrata\u00e7\u00e3o. A iniciativa busca elevar a transpar\u00eancia, agilidade e seguran\u00e7a jur\u00eddica nas contrata\u00e7\u00f5es municipais.<\/p>\n\n\n\n<p>Durante o treinamento, foram abordados temas fundamentais, incluindo a nova Lei de Licita\u00e7\u00f5es (Lei n\u00ba 14.133\/2021), melhores pr\u00e1ticas na execu\u00e7\u00e3o de preg\u00f5es eletr\u00f4nicos e presenciais, al\u00e9m da utiliza\u00e7\u00e3o de ferramentas tecnol\u00f3gicas para otimiza\u00e7\u00e3o dos procedimentos administrativos. A qualifica\u00e7\u00e3o visa profissionalizar a equipe e melhorar a presta\u00e7\u00e3o de servi\u00e7os \u00e0 popula\u00e7\u00e3o.<\/p>\n\n\n\n<p>&#8220;A capacita\u00e7\u00e3o dos servidores \u00e9 essencial para garantir processos licitat\u00f3rios mais eficientes e alinhados \u00e0s boas pr\u00e1ticas da administra\u00e7\u00e3o p\u00fablica&#8221;, afirmou o prefeito M\u00e1rio Rosa.<\/p>\n\n\n\n<p>Essa a\u00e7\u00e3o reafirma o compromisso da gest\u00e3o municipal com a transpar\u00eancia e a efic\u00e1cia na aplica\u00e7\u00e3o dos recursos p\u00fablicos, contribuindo para um governo mais respons\u00e1vel e eficiente em benef\u00edcio da comunidade.<\/p>\n\n\n\n<figure class=\"wp-block-gallery has-nested-images columns-4 is-cropped wp-block-gallery-1 is-layout-flex wp-block-gallery-is-layout-flex\">\n<figure class=\"wp-block-image size-large\"><a href=\"https:\/\/noticiasregionais.com.br\/wp-content\/uploads\/2025\/02\/WhatsApp-Image-2025-02-03-at-11.50.40.jpeg\"><img decoding=\"async\" width=\"1024\" height=\"1024\" data-id=\"4264\" src=\"https:\/\/noticiasregionais.com.br\/wp-content\/uploads\/2025\/02\/WhatsApp-Image-2025-02-03-at-11.50.40-1024x1024.jpeg\" alt=\"\" class=\"wp-image-4264\" srcset=\"https:\/\/noticiasregionais.com.br\/wp-content\/uploads\/2025\/02\/WhatsApp-Image-2025-02-03-at-11.50.40-1024x1024.jpeg 1024w, https:\/\/noticiasregionais.com.br\/wp-content\/uploads\/2025\/02\/WhatsApp-Image-2025-02-03-at-11.50.40-300x300.jpeg 300w, https:\/\/noticiasregionais.com.br\/wp-content\/uploads\/2025\/02\/WhatsApp-Image-2025-02-03-at-11.50.40-150x150.jpeg 150w, https:\/\/noticiasregionais.com.br\/wp-content\/uploads\/2025\/02\/WhatsApp-Image-2025-02-03-at-11.50.40-768x768.jpeg 768w, https:\/\/noticiasregionais.com.br\/wp-content\/uploads\/2025\/02\/WhatsApp-Image-2025-02-03-at-11.50.40-1536x1536.jpeg 1536w, https:\/\/noticiasregionais.com.br\/wp-content\/uploads\/2025\/02\/WhatsApp-Image-2025-02-03-at-11.50.40.jpeg 1600w\" sizes=\"(max-width: 1024px) 100vw, 1024px\" \/><\/a><\/figure>\n\n\n\n<figure class=\"wp-block-image size-large\"><a href=\"https:\/\/noticiasregionais.com.br\/wp-content\/uploads\/2025\/02\/WhatsApp-Image-2025-02-03-at-11.50.411.jpeg\"><img decoding=\"async\" width=\"1024\" height=\"1024\" data-id=\"4262\" src=\"https:\/\/noticiasregionais.com.br\/wp-content\/uploads\/2025\/02\/WhatsApp-Image-2025-02-03-at-11.50.411-1024x1024.jpeg\" alt=\"\" class=\"wp-image-4262\" srcset=\"https:\/\/noticiasregionais.com.br\/wp-content\/uploads\/2025\/02\/WhatsApp-Image-2025-02-03-at-11.50.411-1024x1024.jpeg 1024w, https:\/\/noticiasregionais.com.br\/wp-content\/uploads\/2025\/02\/WhatsApp-Image-2025-02-03-at-11.50.411-300x300.jpeg 300w, https:\/\/noticiasregionais.com.br\/wp-content\/uploads\/2025\/02\/WhatsApp-Image-2025-02-03-at-11.50.411-150x150.jpeg 150w, https:\/\/noticiasregionais.com.br\/wp-content\/uploads\/2025\/02\/WhatsApp-Image-2025-02-03-at-11.50.411-768x768.jpeg 768w, https:\/\/noticiasregionais.com.br\/wp-content\/uploads\/2025\/02\/WhatsApp-Image-2025-02-03-at-11.50.411-1536x1536.jpeg 1536w, https:\/\/noticiasregionais.com.br\/wp-content\/uploads\/2025\/02\/WhatsApp-Image-2025-02-03-at-11.50.411.jpeg 1600w\" sizes=\"(max-width: 1024px) 100vw, 1024px\" \/><\/a><\/figure>\n\n\n\n<figure class=\"wp-block-image size-large\"><a href=\"https:\/\/noticiasregionais.com.br\/wp-content\/uploads\/2025\/02\/WhatsApp-Image-2025-02-03-at-11.50.41.jpeg\"><img decoding=\"async\" width=\"1024\" height=\"1024\" data-id=\"4263\" src=\"https:\/\/noticiasregionais.com.br\/wp-content\/uploads\/2025\/02\/WhatsApp-Image-2025-02-03-at-11.50.41-1024x1024.jpeg\" alt=\"\" class=\"wp-image-4263\" srcset=\"https:\/\/noticiasregionais.com.br\/wp-content\/uploads\/2025\/02\/WhatsApp-Image-2025-02-03-at-11.50.41-1024x1024.jpeg 1024w, https:\/\/noticiasregionais.com.br\/wp-content\/uploads\/2025\/02\/WhatsApp-Image-2025-02-03-at-11.50.41-300x300.jpeg 300w, https:\/\/noticiasregionais.com.br\/wp-content\/uploads\/2025\/02\/WhatsApp-Image-2025-02-03-at-11.50.41-150x150.jpeg 150w, https:\/\/noticiasregionais.com.br\/wp-content\/uploads\/2025\/02\/WhatsApp-Image-2025-02-03-at-11.50.41-768x768.jpeg 768w, https:\/\/noticiasregionais.com.br\/wp-content\/uploads\/2025\/02\/WhatsApp-Image-2025-02-03-at-11.50.41-1536x1536.jpeg 1536w, https:\/\/noticiasregionais.com.br\/wp-content\/uploads\/2025\/02\/WhatsApp-Image-2025-02-03-at-11.50.41.jpeg 1600w\" sizes=\"(max-width: 1024px) 100vw, 1024px\" \/><\/a><\/figure>\n\n\n\n<figure class=\"wp-block-image size-large\"><a href=\"https:\/\/noticiasregionais.com.br\/wp-content\/uploads\/2025\/02\/WhatsApp-Image-2025-02-03-at-11.50.42.jpeg\"><img decoding=\"async\" width=\"1024\" height=\"1024\" data-id=\"4261\" src=\"https:\/\/noticiasregionais.com.br\/wp-content\/uploads\/2025\/02\/WhatsApp-Image-2025-02-03-at-11.50.42-1024x1024.jpeg\" alt=\"\" class=\"wp-image-4261\" srcset=\"https:\/\/noticiasregionais.com.br\/wp-content\/uploads\/2025\/02\/WhatsApp-Image-2025-02-03-at-11.50.42-1024x1024.jpeg 1024w, https:\/\/noticiasregionais.com.br\/wp-content\/uploads\/2025\/02\/WhatsApp-Image-2025-02-03-at-11.50.42-300x300.jpeg 300w, https:\/\/noticiasregionais.com.br\/wp-content\/uploads\/2025\/02\/WhatsApp-Image-2025-02-03-at-11.50.42-150x150.jpeg 150w, https:\/\/noticiasregionais.com.br\/wp-content\/uploads\/2025\/02\/WhatsApp-Image-2025-02-03-at-11.50.42-768x768.jpeg 768w, https:\/\/noticiasregionais.com.br\/wp-content\/uploads\/2025\/02\/WhatsApp-Image-2025-02-03-at-11.50.42-1536x1536.jpeg 1536w, https:\/\/noticiasregionais.com.br\/wp-content\/uploads\/2025\/02\/WhatsApp-Image-2025-02-03-at-11.50.42.jpeg 1600w\" sizes=\"(max-width: 1024px) 100vw, 1024px\" \/><\/a><\/figure>\n<\/figure>\n\n\n\n<p><\/p>\n<input type=\"hidden\" id=\"baseurl\" value=\"https:\/\/noticiasregionais.com.br\"><input type=\"hidden\" id=\"audio_nonce\" value=\"533fbb67b1\">","protected":false},"excerpt":{"rendered":"<p>Com o objetivo de modernizar a gest\u00e3o p\u00fablica e aprimorar os processos licitat\u00f3rios, a Prefeitura, sob a lideran\u00e7a do prefeito&hellip;<\/p>\n","protected":false},"author":1,"featured_media":4260,"comment_status":"closed","ping_status":"open","sticky":false,"template":"","format":"standard","meta":{"sfsi_plus_gutenberg_text_before_share":"","sfsi_plus_gutenberg_show_text_before_share":"","sfsi_plus_gutenberg_icon_type":"","sfsi_plus_gutenberg_icon_alignemt":"","sfsi_plus_gutenburg_max_per_row":"","footnotes":""},"categories":[6,10,1],"tags":[],"class_list":["post-4259","post","type-post","status-publish","format-standard","has-post-thumbnail","hentry","category-sao_paulo","category-destaques","category-noticias"],"_links":{"self":[{"href":"https:\/\/noticiasregionais.com.br\/index.php?rest_route=\/wp\/v2\/posts\/4259","targetHints":{"allow":["GET"]}}],"collection":[{"href":"https:\/\/noticiasregionais.com.br\/index.php?rest_route=\/wp\/v2\/posts"}],"about":[{"href":"https:\/\/noticiasregionais.com.br\/index.php?rest_route=\/wp\/v2\/types\/post"}],"author":[{"embeddable":true,"href":"https:\/\/noticiasregionais.com.br\/index.php?rest_route=\/wp\/v2\/users\/1"}],"replies":[{"embeddable":true,"href":"https:\/\/noticiasregionais.com.br\/index.php?rest_route=%2Fwp%2Fv2%2Fcomments&post=4259"}],"version-history":[{"count":1,"href":"https:\/\/noticiasregionais.com.br\/index.php?rest_route=\/wp\/v2\/posts\/4259\/revisions"}],"predecessor-version":[{"id":4265,"href":"https:\/\/noticiasregionais.com.br\/index.php?rest_route=\/wp\/v2\/posts\/4259\/revisions\/4265"}],"wp:featuredmedia":[{"embeddable":true,"href":"https:\/\/noticiasregionais.com.br\/index.php?rest_route=\/wp\/v2\/media\/4260"}],"wp:attachment":[{"href":"https:\/\/noticiasregionais.com.br\/index.php?rest_route=%2Fwp%2Fv2%2Fmedia&parent=4259"}],"wp:term":[{"taxonomy":"category","embeddable":true,"href":"https:\/\/noticiasregionais.com.br\/index.php?rest_route=%2Fwp%2Fv2%2Fcategories&post=4259"},{"taxonomy":"post_tag","embeddable":true,"href":"https:\/\/noticiasregionais.com.br\/index.php?rest_route=%2Fwp%2Fv2%2Ftags&post=4259"}],"curies":[{"name":"wp","href":"https:\/\/api.w.org\/{rel}","templated":true}]}}