{"id":4266,"date":"2025-02-04T10:46:39","date_gmt":"2025-02-04T13:46:39","guid":{"rendered":"https:\/\/noticiasregionais.com.br\/?p=4266"},"modified":"2025-02-04T10:46:51","modified_gmt":"2025-02-04T13:46:51","slug":"homem-morre-apos-ser-esfaqueado-em-santo-antonio-da-platina-na-noite-de-domingo","status":"publish","type":"post","link":"https:\/\/noticiasregionais.com.br\/?p=4266","title":{"rendered":"Homem morre ap\u00f3s ser esfaqueado em Santo Ant\u00f4nio da Platina na noite de domingo"},"content":{"rendered":"\n<p>Um homem de 35 anos morreu na manh\u00e3 desta Segunda-Feira (03\/02) ap\u00f3s ser esfaqueado na noite anterior em Santo Ant\u00f4nio da Platina, no Paran\u00e1. O crime ocorreu por volta das 23h15min de domingo (03\/02) na Rua Benedito Rodrigues dos Santos, no Bairro Vit\u00f3ria R\u00e9gia.<\/p>\n\n\n\n<p>Segundo informa\u00e7\u00f5es da Pol\u00edcia Militar, a v\u00edtima foi socorrida pelo SIATE e encaminhada em estado grav\u00edssimo ao hospital, mas n\u00e3o resistiu aos ferimentos e veio a \u00f3bito na manh\u00e3 do dia seguinte. O autor da facada, um homem de 55 anos, foi detido ainda no local do crime.<\/p>\n\n\n\n<p>De acordo com relatos do agressor, a v\u00edtima teria proferido ofensas contra sua esposa e o amea\u00e7ado, o que gerou uma discuss\u00e3o. Durante o confronto, a v\u00edtima desferiu um soco na boca do suspeito, que reagiu pegando uma faca em um estabelecimento onde ambos consumiam bebidas alco\u00f3licas e golpeando a v\u00edtima no abd\u00f4men. O agressor tentou fugir, mas foi capturado por populares e levado de volta ao local do crime.<\/p>\n\n\n\n<p>A Pol\u00edcia Militar deu voz de pris\u00e3o ao suspeito, que foi encaminhado \u00e0 Delegacia de Pol\u00edcia local para as devidas provid\u00eancias. A faca utilizada no crime n\u00e3o foi encontrada.<\/p>\n\n\n\n<p>O caso segue sob investiga\u00e7\u00e3o para elucidar todos os detalhes e motiva\u00e7\u00f5es do crime.<\/p>\n<input type=\"hidden\" id=\"baseurl\" value=\"https:\/\/noticiasregionais.com.br\"><input type=\"hidden\" id=\"audio_nonce\" value=\"533fbb67b1\">","protected":false},"excerpt":{"rendered":"<p>Um homem de 35 anos morreu na manh\u00e3 desta Segunda-Feira (03\/02) ap\u00f3s ser esfaqueado na noite anterior em Santo Ant\u00f4nio&hellip;<\/p>\n","protected":false},"author":1,"featured_media":4267,"comment_status":"closed","ping_status":"open","sticky":false,"template":"","format":"standard","meta":{"sfsi_plus_gutenberg_text_before_share":"","sfsi_plus_gutenberg_show_text_before_share":"","sfsi_plus_gutenberg_icon_type":"","sfsi_plus_gutenberg_icon_alignemt":"","sfsi_plus_gutenburg_max_per_row":"","footnotes":""},"categories":[7,10,1],"tags":[],"class_list":["post-4266","post","type-post","status-publish","format-standard","has-post-thumbnail","hentry","category-parana","category-destaques","category-noticias"],"_links":{"self":[{"href":"https:\/\/noticiasregionais.com.br\/index.php?rest_route=\/wp\/v2\/posts\/4266","targetHints":{"allow":["GET"]}}],"collection":[{"href":"https:\/\/noticiasregionais.com.br\/index.php?rest_route=\/wp\/v2\/posts"}],"about":[{"href":"https:\/\/noticiasregionais.com.br\/index.php?rest_route=\/wp\/v2\/types\/post"}],"author":[{"embeddable":true,"href":"https:\/\/noticiasregionais.com.br\/index.php?rest_route=\/wp\/v2\/users\/1"}],"replies":[{"embeddable":true,"href":"https:\/\/noticiasregionais.com.br\/index.php?rest_route=%2Fwp%2Fv2%2Fcomments&post=4266"}],"version-history":[{"count":1,"href":"https:\/\/noticiasregionais.com.br\/index.php?rest_route=\/wp\/v2\/posts\/4266\/revisions"}],"predecessor-version":[{"id":4268,"href":"https:\/\/noticiasregionais.com.br\/index.php?rest_route=\/wp\/v2\/posts\/4266\/revisions\/4268"}],"wp:featuredmedia":[{"embeddable":true,"href":"https:\/\/noticiasregionais.com.br\/index.php?rest_route=\/wp\/v2\/media\/4267"}],"wp:attachment":[{"href":"https:\/\/noticiasregionais.com.br\/index.php?rest_route=%2Fwp%2Fv2%2Fmedia&parent=4266"}],"wp:term":[{"taxonomy":"category","embeddable":true,"href":"https:\/\/noticiasregionais.com.br\/index.php?rest_route=%2Fwp%2Fv2%2Fcategories&post=4266"},{"taxonomy":"post_tag","embeddable":true,"href":"https:\/\/noticiasregionais.com.br\/index.php?rest_route=%2Fwp%2Fv2%2Ftags&post=4266"}],"curies":[{"name":"wp","href":"https:\/\/api.w.org\/{rel}","templated":true}]}}