{"id":4269,"date":"2025-02-04T11:45:51","date_gmt":"2025-02-04T14:45:51","guid":{"rendered":"https:\/\/noticiasregionais.com.br\/?p=4269"},"modified":"2025-02-04T12:02:33","modified_gmt":"2025-02-04T15:02:33","slug":"vereadores-criam-comissao-para-investigar-concessao-da-agua-mas-populacao-teme-manobra-politica","status":"publish","type":"post","link":"https:\/\/noticiasregionais.com.br\/?p=4269","title":{"rendered":"Vereadores criam comiss\u00e3o para investigar concess\u00e3o da \u00e1gua, mas popula\u00e7\u00e3o teme manobra pol\u00edtica"},"content":{"rendered":"\n<p>Os vereadores de Ourinhos retomaram, nesta segunda-feira (3), as Sess\u00f5es Ordin\u00e1rias ap\u00f3s o recesso parlamentar. A primeira plen\u00e1ria de 2025 trouxe uma pauta extensa, incluindo 128 requerimentos, 46 indica\u00e7\u00f5es, 5 mo\u00e7\u00f5es e 3 projetos de resolu\u00e7\u00e3o. Entre os destaques, os parlamentares aprovaram por unanimidade a cria\u00e7\u00e3o de duas Comiss\u00f5es de Assuntos Relevantes (CARS), sendo uma delas voltada \u00e0 investiga\u00e7\u00e3o da concess\u00e3o dos servi\u00e7os de \u00e1gua e esgoto no munic\u00edpio.<\/p>\n\n\n\n<h3 class=\"wp-block-heading\"><strong>Investiga\u00e7\u00e3o ou estrat\u00e9gia pol\u00edtica?<\/strong><\/h3>\n\n\n\n<p>A cria\u00e7\u00e3o da comiss\u00e3o para investigar a concess\u00e3o do saneamento \u00e0 empresa Ourinhos Saneamento levanta questionamentos entre a popula\u00e7\u00e3o. Muitos dos vereadores que hoje criticam a concess\u00e3o foram os mesmos que, no passado, votaram a favor da extin\u00e7\u00e3o da autarquia SAE (Superintend\u00eancia de \u00c1gua e Esgoto) e apoiaram a privatiza\u00e7\u00e3o do servi\u00e7o. Agora, tentam se dissociar da medida, que tem sido amplamente rejeitada pela popula\u00e7\u00e3o.<\/p>\n\n\n\n<p>Os parlamentares argumentam que o processo de concess\u00e3o foi conduzido sem aprova\u00e7\u00e3o da C\u00e2mara pelo ent\u00e3o prefeito Lucas Pocay (PSD). Entretanto, h\u00e1 um temor crescente entre os moradores de que a comiss\u00e3o sirva apenas como uma estrat\u00e9gia para afastar a responsabilidade da atual composi\u00e7\u00e3o da c\u00e2mara e livrar-se da heran\u00e7a pol\u00edtica de Pocay, cujo legado tem sido alvo de forte rejei\u00e7\u00e3o. Outra preocupa\u00e7\u00e3o \u00e9 que, ao final da investiga\u00e7\u00e3o, os vereadores possam simplesmente afirmar que &#8220;n\u00e3o h\u00e1 nada de ilegal&#8221;, deixando a popula\u00e7\u00e3o sem solu\u00e7\u00e3o para os problemas enfrentados com a concession\u00e1ria.<\/p>\n\n\n\n<p>A insatisfa\u00e7\u00e3o popular gira em torno do aumento expressivo na tarifa m\u00ednima, que passou de 5m\u00b3 para 10m\u00b3, elevando a conta de \u00e1gua para R$ 42,25 (incluindo a taxa de esgoto). Al\u00e9m disso, pr\u00e9dios p\u00fablicos que antes eram isentos passaram a pagar pelo servi\u00e7o, gerando um impacto financeiro de cerca de R$ 1 milh\u00e3o por m\u00eas \u00e0 Prefeitura. Em 22 anos, esse montante cobriria o valor pago pela concession\u00e1ria na outorga, de R$ 275,5 milh\u00f5es.<\/p>\n\n\n\n<h3 class=\"wp-block-heading\"><strong>Transpar\u00eancia em xeque<\/strong><\/h3>\n\n\n\n<p>Para muitos entrevistados pelo <strong>Not\u00edcias Regionais<\/strong>, a comiss\u00e3o formada exclusivamente por vereadores n\u00e3o ser\u00e1 suficiente para garantir uma investiga\u00e7\u00e3o transparente e isenta. H\u00e1 uma forte defesa para que o grupo inclua representantes de institui\u00e7\u00f5es como a Ordem dos Advogados do Brasil (OAB), o Minist\u00e9rio P\u00fablico, entidades de classe, imprensa e membros da sociedade civil. Essa composi\u00e7\u00e3o traria mais for\u00e7a e credibilidade \u00e0s a\u00e7\u00f5es do grupo, impedindo que a comiss\u00e3o se torne apenas um instrumento pol\u00edtico sem resultados concretos.<\/p>\n\n\n\n<p>Diante do crescente descontentamento, a popula\u00e7\u00e3o aguarda para ver se a investiga\u00e7\u00e3o resultar\u00e1 em medidas efetivas ou se ser\u00e1 apenas mais um cap\u00edtulo de disputas pol\u00edticas sem impacto real na presta\u00e7\u00e3o do servi\u00e7o.<\/p>\n\n\n\n<p class=\"has-text-align-center\">FONTE E AGRADECIMENTOS AO JORNAL BIZ: <a href=\"https:\/\/www.instagram.com\/jornalbiz\/p\/DFp22eju_Vj\" target=\"_blank\" rel=\"noopener\">https:\/\/www.instagram.com\/jornalbiz\/p\/DFp22eju_Vj<\/a><\/p>\n\n\n<div class=\"wp-block-image\">\n<figure class=\"aligncenter size-full\"><img decoding=\"async\" width=\"626\" height=\"621\" src=\"https:\/\/noticiasregionais.com.br\/wp-content\/uploads\/2025\/02\/VENDA-DA-SAE.jpg\" alt=\"\" class=\"wp-image-4270\" srcset=\"https:\/\/noticiasregionais.com.br\/wp-content\/uploads\/2025\/02\/VENDA-DA-SAE.jpg 626w, https:\/\/noticiasregionais.com.br\/wp-content\/uploads\/2025\/02\/VENDA-DA-SAE-300x298.jpg 300w, https:\/\/noticiasregionais.com.br\/wp-content\/uploads\/2025\/02\/VENDA-DA-SAE-150x150.jpg 150w\" sizes=\"(max-width: 626px) 100vw, 626px\" \/><\/figure>\n<\/div>\n\n\n<p><br><\/p>\n<input type=\"hidden\" id=\"baseurl\" value=\"https:\/\/noticiasregionais.com.br\"><input type=\"hidden\" id=\"audio_nonce\" value=\"533fbb67b1\">","protected":false},"excerpt":{"rendered":"<p>Os vereadores de Ourinhos retomaram, nesta segunda-feira (3), as Sess\u00f5es Ordin\u00e1rias ap\u00f3s o recesso parlamentar. A primeira plen\u00e1ria de 2025&hellip;<\/p>\n","protected":false},"author":1,"featured_media":4272,"comment_status":"closed","ping_status":"open","sticky":false,"template":"","format":"standard","meta":{"sfsi_plus_gutenberg_text_before_share":"","sfsi_plus_gutenberg_show_text_before_share":"","sfsi_plus_gutenberg_icon_type":"","sfsi_plus_gutenberg_icon_alignemt":"","sfsi_plus_gutenburg_max_per_row":"","footnotes":""},"categories":[5,12,1],"tags":[],"class_list":["post-4269","post","type-post","status-publish","format-standard","has-post-thumbnail","hentry","category-ourinhos","category-capa","category-noticias"],"_links":{"self":[{"href":"https:\/\/noticiasregionais.com.br\/index.php?rest_route=\/wp\/v2\/posts\/4269","targetHints":{"allow":["GET"]}}],"collection":[{"href":"https:\/\/noticiasregionais.com.br\/index.php?rest_route=\/wp\/v2\/posts"}],"about":[{"href":"https:\/\/noticiasregionais.com.br\/index.php?rest_route=\/wp\/v2\/types\/post"}],"author":[{"embeddable":true,"href":"https:\/\/noticiasregionais.com.br\/index.php?rest_route=\/wp\/v2\/users\/1"}],"replies":[{"embeddable":true,"href":"https:\/\/noticiasregionais.com.br\/index.php?rest_route=%2Fwp%2Fv2%2Fcomments&post=4269"}],"version-history":[{"count":2,"href":"https:\/\/noticiasregionais.com.br\/index.php?rest_route=\/wp\/v2\/posts\/4269\/revisions"}],"predecessor-version":[{"id":4275,"href":"https:\/\/noticiasregionais.com.br\/index.php?rest_route=\/wp\/v2\/posts\/4269\/revisions\/4275"}],"wp:featuredmedia":[{"embeddable":true,"href":"https:\/\/noticiasregionais.com.br\/index.php?rest_route=\/wp\/v2\/media\/4272"}],"wp:attachment":[{"href":"https:\/\/noticiasregionais.com.br\/index.php?rest_route=%2Fwp%2Fv2%2Fmedia&parent=4269"}],"wp:term":[{"taxonomy":"category","embeddable":true,"href":"https:\/\/noticiasregionais.com.br\/index.php?rest_route=%2Fwp%2Fv2%2Fcategories&post=4269"},{"taxonomy":"post_tag","embeddable":true,"href":"https:\/\/noticiasregionais.com.br\/index.php?rest_route=%2Fwp%2Fv2%2Ftags&post=4269"}],"curies":[{"name":"wp","href":"https:\/\/api.w.org\/{rel}","templated":true}]}}