{"id":4297,"date":"2025-02-05T21:12:59","date_gmt":"2025-02-06T00:12:59","guid":{"rendered":"https:\/\/noticiasregionais.com.br\/?p=4297"},"modified":"2025-02-06T09:31:29","modified_gmt":"2025-02-06T12:31:29","slug":"domingueira-de-karaoke-agita-ourinhos-com-entrada-gratis-premios-em-dinheiro-e-muita-diversao","status":"publish","type":"post","link":"https:\/\/noticiasregionais.com.br\/?p=4297","title":{"rendered":"Domingueira de Karaok\u00ea agita Ourinhos com entrada gr\u00e1tis, pr\u00eamios em dinheiro e muita divers\u00e3o"},"content":{"rendered":"\n<p>Ourinhos se prepara para uma tarde de m\u00fasica e descontra\u00e7\u00e3o neste domingo, dia 9 de fevereiro, com a 1\u00aa Domingueira de Karaok\u00ea, organizada pela Equipe Baila Comigo. O evento, que promete reunir talentos locais e amantes da boa m\u00fasica, acontecer\u00e1 a partir das 16 horas na AECO (Associa\u00e7\u00e3o Esportiva e Cultural de Ourinhos), localizada na Rua Maranh\u00e3o, 425, atr\u00e1s do Supermercado Avenida, no Centro da cidade.<\/p>\n\n\n\n<p>Com entrada gratuita, a Domingueira de Karaok\u00ea oferece aos participantes do concurso a chance de concorrer a pr\u00eamios em dinheiro. Al\u00e9m da competi\u00e7\u00e3o musical, os visitantes poder\u00e3o desfrutar de um ambiente animado, com deliciosas por\u00e7\u00f5es e cerveja bem gelada.<\/p>\n\n\n\n<p>A iniciativa conta com o apoio de v\u00e1rios patrocinadores locais, entre eles Refrigera\u00e7\u00e3o Arruda, Cozinha da R\u00f4, Adega Sedassari, Adega do Alem\u00e3o, Ferro Velho Givaldo Metais, Val Alarmes &#8211; Seguran\u00e7a Eletr\u00f4nica, Portal Not\u00edcias Regionais, Bar do Trovo, Emp\u00f3rio Animal PetShop e Artigos de Pesca, al\u00e9m de contar com a parceria do representante Quatree Supreme e Billy Dog &#8211; Paulo Chaves.<\/p>\n\n\n\n<p>Para mais informa\u00e7\u00f5es sobre o evento, os interessados podem entrar em contato pelo telefone e WhatsApp (14) 9-9799-6611, com Isabel.<\/p>\n\n\n\n<p>Prepare-se para uma tarde de muita m\u00fasica, talento e divers\u00e3o na Domingueira de Karaok\u00ea da AECO. Solte a voz e aproveite!<\/p>\n\n\n<div class=\"wp-block-image\">\n<figure class=\"aligncenter size-large\"><img decoding=\"async\" width=\"768\" height=\"1024\" src=\"https:\/\/noticiasregionais.com.br\/wp-content\/uploads\/2025\/02\/WhatsApp-Image-2025-02-05-at-12.14.01-1-768x1024.jpeg\" alt=\"\" class=\"wp-image-4299\" srcset=\"https:\/\/noticiasregionais.com.br\/wp-content\/uploads\/2025\/02\/WhatsApp-Image-2025-02-05-at-12.14.01-1-768x1024.jpeg 768w, https:\/\/noticiasregionais.com.br\/wp-content\/uploads\/2025\/02\/WhatsApp-Image-2025-02-05-at-12.14.01-1-225x300.jpeg 225w, https:\/\/noticiasregionais.com.br\/wp-content\/uploads\/2025\/02\/WhatsApp-Image-2025-02-05-at-12.14.01-1-1152x1536.jpeg 1152w, https:\/\/noticiasregionais.com.br\/wp-content\/uploads\/2025\/02\/WhatsApp-Image-2025-02-05-at-12.14.01-1-1536x2048.jpeg 1536w, https:\/\/noticiasregionais.com.br\/wp-content\/uploads\/2025\/02\/WhatsApp-Image-2025-02-05-at-12.14.01-1-scaled.jpeg 1920w\" sizes=\"(max-width: 768px) 100vw, 768px\" \/><\/figure>\n<\/div><input type=\"hidden\" id=\"baseurl\" value=\"https:\/\/noticiasregionais.com.br\"><input type=\"hidden\" id=\"audio_nonce\" value=\"d7ad76df66\">","protected":false},"excerpt":{"rendered":"<p>Ourinhos se prepara para uma tarde de m\u00fasica e descontra\u00e7\u00e3o neste domingo, dia 9 de fevereiro, com a 1\u00aa Domingueira&hellip;<\/p>\n","protected":false},"author":1,"featured_media":4300,"comment_status":"closed","ping_status":"open","sticky":false,"template":"","format":"standard","meta":{"sfsi_plus_gutenberg_text_before_share":"","sfsi_plus_gutenberg_show_text_before_share":"","sfsi_plus_gutenberg_icon_type":"","sfsi_plus_gutenberg_icon_alignemt":"","sfsi_plus_gutenburg_max_per_row":"","footnotes":""},"categories":[5,10,1],"tags":[],"class_list":["post-4297","post","type-post","status-publish","format-standard","has-post-thumbnail","hentry","category-ourinhos","category-destaques","category-noticias"],"_links":{"self":[{"href":"https:\/\/noticiasregionais.com.br\/index.php?rest_route=\/wp\/v2\/posts\/4297","targetHints":{"allow":["GET"]}}],"collection":[{"href":"https:\/\/noticiasregionais.com.br\/index.php?rest_route=\/wp\/v2\/posts"}],"about":[{"href":"https:\/\/noticiasregionais.com.br\/index.php?rest_route=\/wp\/v2\/types\/post"}],"author":[{"embeddable":true,"href":"https:\/\/noticiasregionais.com.br\/index.php?rest_route=\/wp\/v2\/users\/1"}],"replies":[{"embeddable":true,"href":"https:\/\/noticiasregionais.com.br\/index.php?rest_route=%2Fwp%2Fv2%2Fcomments&post=4297"}],"version-history":[{"count":1,"href":"https:\/\/noticiasregionais.com.br\/index.php?rest_route=\/wp\/v2\/posts\/4297\/revisions"}],"predecessor-version":[{"id":4301,"href":"https:\/\/noticiasregionais.com.br\/index.php?rest_route=\/wp\/v2\/posts\/4297\/revisions\/4301"}],"wp:featuredmedia":[{"embeddable":true,"href":"https:\/\/noticiasregionais.com.br\/index.php?rest_route=\/wp\/v2\/media\/4300"}],"wp:attachment":[{"href":"https:\/\/noticiasregionais.com.br\/index.php?rest_route=%2Fwp%2Fv2%2Fmedia&parent=4297"}],"wp:term":[{"taxonomy":"category","embeddable":true,"href":"https:\/\/noticiasregionais.com.br\/index.php?rest_route=%2Fwp%2Fv2%2Fcategories&post=4297"},{"taxonomy":"post_tag","embeddable":true,"href":"https:\/\/noticiasregionais.com.br\/index.php?rest_route=%2Fwp%2Fv2%2Ftags&post=4297"}],"curies":[{"name":"wp","href":"https:\/\/api.w.org\/{rel}","templated":true}]}}