{"id":4302,"date":"2025-02-06T08:35:06","date_gmt":"2025-02-06T11:35:06","guid":{"rendered":"https:\/\/noticiasregionais.com.br\/?p=4302"},"modified":"2025-02-06T08:36:04","modified_gmt":"2025-02-06T11:36:04","slug":"mae-de-paciente-elogia-iniciativa-de-disponibilizar-veiculo-oficial-para-usuarios-da-upa","status":"publish","type":"post","link":"https:\/\/noticiasregionais.com.br\/?p=4302","title":{"rendered":"M\u00e3e de paciente elogia iniciativa de disponibilizar ve\u00edculo oficial para usu\u00e1rios da UPA em Ourinhos"},"content":{"rendered":"\n<p>A moradora de Ourinhos-SP, L\u00edvia Souza, utilizou as redes sociais para relatar uma experi\u00eancia emocionante que vivenciou durante o atendimento m\u00e9dico de sua filha na Unidade de Pronto Atendimento (UPA) do munic\u00edpio. Em sua publica\u00e7\u00e3o, ela destacou um gesto de solidariedade promovido pelo prefeito da cidade, que tem disponibilizado o carro oficial para o transporte de pacientes que necessitam de locomo\u00e7\u00e3o ap\u00f3s o atendimento m\u00e9dico.<\/p>\n\n\n\n<p>Segundo L\u00edvia, enquanto aguardava na UPA, testemunhou um idoso debilitado deixando a unidade com o aux\u00edlio de enfermeiras e sendo conduzido ao carro oficial do prefeito. Em seu relato, ela enfatizou que j\u00e1 tinha conhecimento da iniciativa, mas foi a primeira vez que presenciou a situa\u00e7\u00e3o de perto, descrevendo a cena como emocionante e inspiradora.<\/p>\n\n\n\n<p>&#8220;Foi surreal ver aquele senhorzinho entrando no carro, deixou meu cora\u00e7\u00e3o quentinho e me fez acreditar em um mundo melhor&#8221;, afirmou. A mun\u00edcipe ressaltou a sensibilidade do gestor municipal, que optou por disponibilizar o ve\u00edculo para a popula\u00e7\u00e3o em vez de utiliz\u00e1-lo para seu pr\u00f3prio deslocamento.<\/p>\n\n\n\n<p>Ainda em sua postagem, L\u00edvia agradeceu o prefeito pela a\u00e7\u00e3o e destacou a efici\u00eancia do atendimento na UPA, afirmando que sua filha foi atendida em menos de uma hora, contrastando com experi\u00eancias passadas, onde esperou por mais de quatro horas para ser atendida.<\/p>\n\n\n\n<p>A iniciativa tem gerado repercuss\u00e3o positiva entre os mun\u00edcipes, que veem a medida como um exemplo de gest\u00e3o humanizada e comprometida com o bem-estar da popula\u00e7\u00e3o. A a\u00e7\u00e3o tamb\u00e9m reacende debates sobre a necessidade de pol\u00edticas p\u00fablicas que priorizem a assist\u00eancia aos mais necessitados, principalmente em setores como a sa\u00fade.<\/p>\n\n\n\n<p>Com elogios e mensagens de apoio, L\u00edvia Souza finalizou sua publica\u00e7\u00e3o expressando esperan\u00e7a de que esse tipo de gesto se torne cada vez mais comum na administra\u00e7\u00e3o p\u00fablica.<\/p>\n\n\n<div class=\"wp-block-image\">\n<figure class=\"aligncenter size-full\"><img decoding=\"async\" width=\"611\" height=\"697\" src=\"https:\/\/noticiasregionais.com.br\/wp-content\/uploads\/2025\/02\/Livia-Souza.jpg\" alt=\"\" class=\"wp-image-4303\" srcset=\"https:\/\/noticiasregionais.com.br\/wp-content\/uploads\/2025\/02\/Livia-Souza.jpg 611w, https:\/\/noticiasregionais.com.br\/wp-content\/uploads\/2025\/02\/Livia-Souza-263x300.jpg 263w\" sizes=\"(max-width: 611px) 100vw, 611px\" \/><\/figure>\n<\/div><input type=\"hidden\" id=\"baseurl\" value=\"https:\/\/noticiasregionais.com.br\"><input type=\"hidden\" id=\"audio_nonce\" value=\"d7ad76df66\">","protected":false},"excerpt":{"rendered":"<p>A moradora de Ourinhos-SP, L\u00edvia Souza, utilizou as redes sociais para relatar uma experi\u00eancia emocionante que vivenciou durante o atendimento&hellip;<\/p>\n","protected":false},"author":1,"featured_media":4304,"comment_status":"closed","ping_status":"open","sticky":false,"template":"","format":"standard","meta":{"sfsi_plus_gutenberg_text_before_share":"","sfsi_plus_gutenberg_show_text_before_share":"","sfsi_plus_gutenberg_icon_type":"","sfsi_plus_gutenberg_icon_alignemt":"","sfsi_plus_gutenburg_max_per_row":"","footnotes":""},"categories":[5,10,1],"tags":[],"class_list":["post-4302","post","type-post","status-publish","format-standard","has-post-thumbnail","hentry","category-ourinhos","category-destaques","category-noticias"],"_links":{"self":[{"href":"https:\/\/noticiasregionais.com.br\/index.php?rest_route=\/wp\/v2\/posts\/4302","targetHints":{"allow":["GET"]}}],"collection":[{"href":"https:\/\/noticiasregionais.com.br\/index.php?rest_route=\/wp\/v2\/posts"}],"about":[{"href":"https:\/\/noticiasregionais.com.br\/index.php?rest_route=\/wp\/v2\/types\/post"}],"author":[{"embeddable":true,"href":"https:\/\/noticiasregionais.com.br\/index.php?rest_route=\/wp\/v2\/users\/1"}],"replies":[{"embeddable":true,"href":"https:\/\/noticiasregionais.com.br\/index.php?rest_route=%2Fwp%2Fv2%2Fcomments&post=4302"}],"version-history":[{"count":2,"href":"https:\/\/noticiasregionais.com.br\/index.php?rest_route=\/wp\/v2\/posts\/4302\/revisions"}],"predecessor-version":[{"id":4306,"href":"https:\/\/noticiasregionais.com.br\/index.php?rest_route=\/wp\/v2\/posts\/4302\/revisions\/4306"}],"wp:featuredmedia":[{"embeddable":true,"href":"https:\/\/noticiasregionais.com.br\/index.php?rest_route=\/wp\/v2\/media\/4304"}],"wp:attachment":[{"href":"https:\/\/noticiasregionais.com.br\/index.php?rest_route=%2Fwp%2Fv2%2Fmedia&parent=4302"}],"wp:term":[{"taxonomy":"category","embeddable":true,"href":"https:\/\/noticiasregionais.com.br\/index.php?rest_route=%2Fwp%2Fv2%2Fcategories&post=4302"},{"taxonomy":"post_tag","embeddable":true,"href":"https:\/\/noticiasregionais.com.br\/index.php?rest_route=%2Fwp%2Fv2%2Ftags&post=4302"}],"curies":[{"name":"wp","href":"https:\/\/api.w.org\/{rel}","templated":true}]}}