{"id":4307,"date":"2025-02-06T09:14:32","date_gmt":"2025-02-06T12:14:32","guid":{"rendered":"https:\/\/noticiasregionais.com.br\/?p=4307"},"modified":"2025-02-06T09:14:35","modified_gmt":"2025-02-06T12:14:35","slug":"traficante-e-preso-em-rodovia-de-assis-sp-durante-operacao-policial","status":"publish","type":"post","link":"https:\/\/noticiasregionais.com.br\/?p=4307","title":{"rendered":"Traficante \u00e9 preso em rodovia de Assis\/SP durante opera\u00e7\u00e3o policial"},"content":{"rendered":"\n<p>Na tarde desta quarta-feira (05\/02\/2025), uma equipe do Policiamento Rodovi\u00e1rio prendeu um traficante durante a Opera\u00e7\u00e3o Impacto\/Divisa na Rodovia Raposo Tavares (SP-270), no km 449, em Assis\/SP.<\/p>\n\n\n\n<p>Durante a abordagem a um caminh\u00e3o AMV\/PUMA 914, conduzido por um \u00fanico ocupante, os policiais realizaram uma vistoria minuciosa no ve\u00edculo. No compartimento de carga (ba\u00fa), foi encontrada uma grande quantidade de entorpecentes, totalizando:<\/p>\n\n\n\n<ul class=\"wp-block-list\">\n<li>292 tabletes de maconha, pesando 325,240 Kg;<\/li>\n\n\n\n<li>106 pacotes de Skunk, pesando 115,610 Kg;<\/li>\n\n\n\n<li>04 pacotes de Haxixe Marroquino, pesando 1,300 Kg.<\/li>\n<\/ul>\n\n\n\n<p>O motorista foi preso em flagrante e apresentado \u00e0 Central de Pol\u00edcia Judici\u00e1ria de Assis\/SP, onde permaneceu \u00e0 disposi\u00e7\u00e3o da Justi\u00e7a. O autor do delito possui antecedentes criminais pelos Art. 14 da Lei 10826\/2003 e Art. 33 da Lei 11343\/06.<\/p>\n\n\n\n<p>A Opera\u00e7\u00e3o Impacto\/Divisa tem como objetivo refor\u00e7ar a seguran\u00e7a nas rodovias e combater crimes transfronteiri\u00e7os, incluindo o tr\u00e1fico de entorpecentes.<\/p>\n\n\n\n<figure class=\"wp-block-image size-large\"><img decoding=\"async\" width=\"1024\" height=\"492\" src=\"https:\/\/noticiasregionais.com.br\/wp-content\/uploads\/2025\/02\/WhatsApp-Image-2025-02-05-at-19.12.08-1024x492.jpeg\" alt=\"\" class=\"wp-image-4308\" srcset=\"https:\/\/noticiasregionais.com.br\/wp-content\/uploads\/2025\/02\/WhatsApp-Image-2025-02-05-at-19.12.08-1024x492.jpeg 1024w, https:\/\/noticiasregionais.com.br\/wp-content\/uploads\/2025\/02\/WhatsApp-Image-2025-02-05-at-19.12.08-300x144.jpeg 300w, https:\/\/noticiasregionais.com.br\/wp-content\/uploads\/2025\/02\/WhatsApp-Image-2025-02-05-at-19.12.08-768x369.jpeg 768w, https:\/\/noticiasregionais.com.br\/wp-content\/uploads\/2025\/02\/WhatsApp-Image-2025-02-05-at-19.12.08-1536x737.jpeg 1536w, https:\/\/noticiasregionais.com.br\/wp-content\/uploads\/2025\/02\/WhatsApp-Image-2025-02-05-at-19.12.08-2048x983.jpeg 2048w\" sizes=\"(max-width: 1024px) 100vw, 1024px\" \/><\/figure>\n<input type=\"hidden\" id=\"baseurl\" value=\"https:\/\/noticiasregionais.com.br\"><input type=\"hidden\" id=\"audio_nonce\" value=\"533fbb67b1\">","protected":false},"excerpt":{"rendered":"<p>Na tarde desta quarta-feira (05\/02\/2025), uma equipe do Policiamento Rodovi\u00e1rio prendeu um traficante durante a Opera\u00e7\u00e3o Impacto\/Divisa na Rodovia Raposo&hellip;<\/p>\n","protected":false},"author":1,"featured_media":4309,"comment_status":"closed","ping_status":"open","sticky":false,"template":"","format":"standard","meta":{"sfsi_plus_gutenberg_text_before_share":"","sfsi_plus_gutenberg_show_text_before_share":"","sfsi_plus_gutenberg_icon_type":"","sfsi_plus_gutenberg_icon_alignemt":"","sfsi_plus_gutenburg_max_per_row":"","footnotes":""},"categories":[6,10,1],"tags":[],"class_list":["post-4307","post","type-post","status-publish","format-standard","has-post-thumbnail","hentry","category-sao_paulo","category-destaques","category-noticias"],"_links":{"self":[{"href":"https:\/\/noticiasregionais.com.br\/index.php?rest_route=\/wp\/v2\/posts\/4307","targetHints":{"allow":["GET"]}}],"collection":[{"href":"https:\/\/noticiasregionais.com.br\/index.php?rest_route=\/wp\/v2\/posts"}],"about":[{"href":"https:\/\/noticiasregionais.com.br\/index.php?rest_route=\/wp\/v2\/types\/post"}],"author":[{"embeddable":true,"href":"https:\/\/noticiasregionais.com.br\/index.php?rest_route=\/wp\/v2\/users\/1"}],"replies":[{"embeddable":true,"href":"https:\/\/noticiasregionais.com.br\/index.php?rest_route=%2Fwp%2Fv2%2Fcomments&post=4307"}],"version-history":[{"count":1,"href":"https:\/\/noticiasregionais.com.br\/index.php?rest_route=\/wp\/v2\/posts\/4307\/revisions"}],"predecessor-version":[{"id":4310,"href":"https:\/\/noticiasregionais.com.br\/index.php?rest_route=\/wp\/v2\/posts\/4307\/revisions\/4310"}],"wp:featuredmedia":[{"embeddable":true,"href":"https:\/\/noticiasregionais.com.br\/index.php?rest_route=\/wp\/v2\/media\/4309"}],"wp:attachment":[{"href":"https:\/\/noticiasregionais.com.br\/index.php?rest_route=%2Fwp%2Fv2%2Fmedia&parent=4307"}],"wp:term":[{"taxonomy":"category","embeddable":true,"href":"https:\/\/noticiasregionais.com.br\/index.php?rest_route=%2Fwp%2Fv2%2Fcategories&post=4307"},{"taxonomy":"post_tag","embeddable":true,"href":"https:\/\/noticiasregionais.com.br\/index.php?rest_route=%2Fwp%2Fv2%2Ftags&post=4307"}],"curies":[{"name":"wp","href":"https:\/\/api.w.org\/{rel}","templated":true}]}}