{"id":431,"date":"2023-09-18T06:41:03","date_gmt":"2023-09-18T09:41:03","guid":{"rendered":"https:\/\/noticiasregionais.com.br\/?p=431"},"modified":"2023-09-18T06:41:44","modified_gmt":"2023-09-18T09:41:44","slug":"tempo-excessivo-e-pouca-distancia-de-telas-contribuem-para-miopia","status":"publish","type":"post","link":"https:\/\/noticiasregionais.com.br\/?p=431","title":{"rendered":"Tempo excessivo e pouca dist\u00e2ncia de telas contribuem para miopia"},"content":{"rendered":"\n<p class=\"has-text-align-center\"><strong>Dist\u00farbio aparece cada vez mais cedo em crian\u00e7as, diz oftalmologista<\/strong><\/p>\n\n\n\n<p>Em 2020, cerca de 30% da popula\u00e7\u00e3o mundial era diagnosticada com miopia, sendo que apenas 4% eram classificados como altos m\u00edopes \u2013 pacientes que superam 5 graus. As proje\u00e7\u00f5es, entretanto, indicam que, em 2050, em torno de 50% da popula\u00e7\u00e3o global ser\u00e1 considerada m\u00edope, e 10%, altos m\u00edopes. A preocupa\u00e7\u00e3o dos oftalmologistas vai al\u00e9m da simples dificuldade dos pacientes em enxergar de longe, j\u00e1 que a miopia est\u00e1 fortemente associada a doen\u00e7as oculares graves, como o glaucoma e o descolamento de retina, que podem levar \u00e0 cegueira.&nbsp;<img decoding=\"async\" src=\"https:\/\/agenciabrasil.ebc.com.br\/ebc.png?id=1555717&amp;o=node\"><img decoding=\"async\" src=\"https:\/\/agenciabrasil.ebc.com.br\/ebc.gif?id=1555717&amp;o=node\"><\/p>\n\n\n\n<p>Em entrevista \u00e0&nbsp;<strong>Ag\u00eancia Brasil<\/strong>, o diretor da Sociedade Brasileira de Oftalmologia, Ian Curi, detalhou especificamente o aumento no diagn\u00f3stico de miopia em crian\u00e7as e sua rela\u00e7\u00e3o direta com o tempo de tela \u2013 sejam&nbsp;<em>smartphones<\/em>,&nbsp;<em>tablets<\/em>&nbsp;ou televisores. Curi alerta para os casos da chamada miopia precoce, quando os sinais do dist\u00farbio aparecem at\u00e9 mesmo em menores de 5 anos, mas deveriam ser observados somente no in\u00edcio da adolesc\u00eancia.<\/p>\n\n\n\n<p>Para o especialista, a m\u00e1xima insistentemente repetida no passado permanece na atualidade: o tempo de tela deve, sim, ser monitorado na inf\u00e2ncia \u2013 quanto mais longe do dispositivo eletr\u00f4nico, melhor.&nbsp;<\/p>\n\n\n\n<p>Curi aponta ainda para outro fator fortemente associado \u00e0 miopia infantil: o confinamento. Segundo o m\u00e9dico, crian\u00e7as que n\u00e3o s\u00e3o frequentemente expostas a ambientes externos naturalmente iluminados t\u00eam maior risco de desenvolver o dist\u00farbio. Como a miopia tende a crescer at\u00e9 se estabilizar, por volta dos 20 anos, quanto mais precoce \u00e9 o diagn\u00f3stico, maior a chance da crian\u00e7a se tornar um adulto que ter\u00e1 de lidar com as doen\u00e7as associadas e a possibilidade de cegueira. Mesmo a cirurgia refrativa para corre\u00e7\u00e3o de grau n\u00e3o ajuda por completo, j\u00e1 que a vis\u00e3o melhora, mas os riscos de quadros correlacionados se mant\u00eam. &nbsp;<\/p>\n\n\n\n<h5 class=\"wp-block-heading\">fonte: Ag\u00eancia Brasil &#8211; EBC<\/h5>\n<input type=\"hidden\" id=\"baseurl\" value=\"https:\/\/noticiasregionais.com.br\"><input type=\"hidden\" id=\"audio_nonce\" value=\"533fbb67b1\">","protected":false},"excerpt":{"rendered":"<p>Dist\u00farbio aparece cada vez mais cedo em crian\u00e7as, diz oftalmologista Em 2020, cerca de 30% da popula\u00e7\u00e3o mundial era diagnosticada&hellip;<\/p>\n","protected":false},"author":1,"featured_media":432,"comment_status":"closed","ping_status":"open","sticky":false,"template":"","format":"standard","meta":{"sfsi_plus_gutenberg_text_before_share":"","sfsi_plus_gutenberg_show_text_before_share":"","sfsi_plus_gutenberg_icon_type":"","sfsi_plus_gutenberg_icon_alignemt":"","sfsi_plus_gutenburg_max_per_row":"","footnotes":""},"categories":[8,10,1],"tags":[],"class_list":["post-431","post","type-post","status-publish","format-standard","has-post-thumbnail","hentry","category-brasil","category-destaques","category-noticias"],"_links":{"self":[{"href":"https:\/\/noticiasregionais.com.br\/index.php?rest_route=\/wp\/v2\/posts\/431","targetHints":{"allow":["GET"]}}],"collection":[{"href":"https:\/\/noticiasregionais.com.br\/index.php?rest_route=\/wp\/v2\/posts"}],"about":[{"href":"https:\/\/noticiasregionais.com.br\/index.php?rest_route=\/wp\/v2\/types\/post"}],"author":[{"embeddable":true,"href":"https:\/\/noticiasregionais.com.br\/index.php?rest_route=\/wp\/v2\/users\/1"}],"replies":[{"embeddable":true,"href":"https:\/\/noticiasregionais.com.br\/index.php?rest_route=%2Fwp%2Fv2%2Fcomments&post=431"}],"version-history":[{"count":2,"href":"https:\/\/noticiasregionais.com.br\/index.php?rest_route=\/wp\/v2\/posts\/431\/revisions"}],"predecessor-version":[{"id":434,"href":"https:\/\/noticiasregionais.com.br\/index.php?rest_route=\/wp\/v2\/posts\/431\/revisions\/434"}],"wp:featuredmedia":[{"embeddable":true,"href":"https:\/\/noticiasregionais.com.br\/index.php?rest_route=\/wp\/v2\/media\/432"}],"wp:attachment":[{"href":"https:\/\/noticiasregionais.com.br\/index.php?rest_route=%2Fwp%2Fv2%2Fmedia&parent=431"}],"wp:term":[{"taxonomy":"category","embeddable":true,"href":"https:\/\/noticiasregionais.com.br\/index.php?rest_route=%2Fwp%2Fv2%2Fcategories&post=431"},{"taxonomy":"post_tag","embeddable":true,"href":"https:\/\/noticiasregionais.com.br\/index.php?rest_route=%2Fwp%2Fv2%2Ftags&post=431"}],"curies":[{"name":"wp","href":"https:\/\/api.w.org\/{rel}","templated":true}]}}