{"id":4311,"date":"2025-02-06T09:24:57","date_gmt":"2025-02-06T12:24:57","guid":{"rendered":"https:\/\/noticiasregionais.com.br\/?p=4311"},"modified":"2025-02-07T08:38:04","modified_gmt":"2025-02-07T11:38:04","slug":"fisioterapia-na-estacio-de-ourinhos-excelencia-academica-e-compromisso-social","status":"publish","type":"post","link":"https:\/\/noticiasregionais.com.br\/?p=4311","title":{"rendered":"Fisioterapia na Est\u00e1cio de Ourinhos: Excel\u00eancia Acad\u00eamica e Compromisso Social"},"content":{"rendered":"\n<p>Ourinhos se destaca como um polo educacional em ascens\u00e3o, e um dos cursos que mais tem chamado a aten\u00e7\u00e3o na regi\u00e3o \u00e9 o de Fisioterapia da Faculdade Est\u00e1cio de S\u00e1 (FAESO). Com uma proposta inovadora e um forte compromisso com a comunidade, a institui\u00e7\u00e3o tem formado profissionais altamente qualificados para atuar no mercado de trabalho e na sa\u00fade p\u00fablica.<\/p>\n\n\n\n<h3 class=\"wp-block-heading\">Uma Forma\u00e7\u00e3o de Alto N\u00edvel<\/h3>\n\n\n\n<p>Com um curr\u00edculo alinhado \u00e0s Diretrizes Curriculares Nacionais (DCNs), o curso de Fisioterapia da FAESO tem dura\u00e7\u00e3o de cinco anos, distribu\u00eddos em 10 semestres letivos e um total de 59 disciplinas, entre obrigat\u00f3rias, eletivas e uma optativa.<\/p>\n\n\n\n<p>A metodologia adotada incentiva o desenvolvimento de habilidades fundamentais, como aten\u00e7\u00e3o \u00e0 sa\u00fade, tomada de decis\u00e3o, comunica\u00e7\u00e3o eficiente, lideran\u00e7a e gest\u00e3o. Al\u00e9m disso, a institui\u00e7\u00e3o investe em ensino h\u00edbrido, recursos tecnol\u00f3gicos avan\u00e7ados e atividades pr\u00e1ticas supervisionadas, que tornam o aprendizado mais din\u00e2mico e eficiente.<\/p>\n\n\n\n<h3 class=\"wp-block-heading\">Infraestrutura de Ponta e Experi\u00eancia Pr\u00e1tica<\/h3>\n\n\n\n<p>Um dos grandes diferenciais da FAESO \u00e9 sua infraestrutura moderna. A institui\u00e7\u00e3o oferece laborat\u00f3rios equipados que proporcionam aos alunos uma viv\u00eancia completa da pr\u00e1tica fisioterap\u00eautica. Entre os principais espa\u00e7os dispon\u00edveis est\u00e3o os laborat\u00f3rios de Cinesioterapia, Hidrocinesioterapia, Eletrotermofototerapia, Semiologia e Psicomotricidade, al\u00e9m de instala\u00e7\u00f5es voltadas para Biomec\u00e2nica e Fisiologia do Exerc\u00edcio.<\/p>\n\n\n\n<p>Outro aspecto fundamental do curso s\u00e3o os est\u00e1gios supervisionados, que ocorrem em hospitais, cl\u00ednicas e centros de reabilita\u00e7\u00e3o. Com a orienta\u00e7\u00e3o de profissionais experientes, os estudantes conseguem aplicar seus conhecimentos e vivenciar o dia a dia da profiss\u00e3o, ampliando suas oportunidades no mercado de trabalho.<\/p>\n\n\n\n<h3 class=\"wp-block-heading\">Impacto na Comunidade e Responsabilidade Social<\/h3>\n\n\n\n<p>O compromisso com a comunidade \u00e9 um dos pilares da FAESO. A institui\u00e7\u00e3o promove projetos de extens\u00e3o e a\u00e7\u00f5es voltadas \u00e0 sa\u00fade p\u00fablica, permitindo que os alunos atuem diretamente no atendimento \u00e0 popula\u00e7\u00e3o. Essas iniciativas n\u00e3o s\u00f3 contribuem para a forma\u00e7\u00e3o acad\u00eamica, mas tamb\u00e9m refor\u00e7am a import\u00e2ncia da fisioterapia na promo\u00e7\u00e3o do bem-estar e da qualidade de vida.<\/p>\n\n\n\n<h3 class=\"wp-block-heading\">Um Curso que Faz a Diferen\u00e7a<\/h3>\n\n\n\n<ul class=\"wp-block-list\">\n<li><strong>Metodologia ativa de ensino<\/strong>: aprendizado din\u00e2mico e interativo;<\/li>\n\n\n\n<li><strong>Infraestrutura moderna<\/strong>: laborat\u00f3rios especializados e tecnologia de ponta;<\/li>\n\n\n\n<li><strong>Est\u00e1gios supervisionados<\/strong>: imers\u00e3o na pr\u00e1tica profissional desde os primeiros anos;<\/li>\n\n\n\n<li><strong>Projetos de extens\u00e3o<\/strong>: integra\u00e7\u00e3o com a comunidade e experi\u00eancia real no atendimento \u00e0 sa\u00fade;<\/li>\n\n\n\n<li><strong>Forma\u00e7\u00e3o humanizada<\/strong>: desenvolvimento de habilidades socioemocionais e \u00e9ticas.<\/li>\n<\/ul>\n\n\n\n<p>Ao observar a evolu\u00e7\u00e3o do curso de Fisioterapia da FAESO, fica evidente o compromisso da institui\u00e7\u00e3o em oferecer um ensino de qualidade e preparar profissionais aptos a enfrentar os desafios do mercado. A cidade de Ourinhos se beneficia diretamente desse trabalho, consolidando-se como um centro de refer\u00eancia na forma\u00e7\u00e3o em sa\u00fade.<\/p>\n\n\n\n<figure class=\"wp-block-gallery has-nested-images columns-default is-cropped wp-block-gallery-1 is-layout-flex wp-block-gallery-is-layout-flex\">\n<figure class=\"wp-block-image size-large\"><img decoding=\"async\" width=\"768\" height=\"1024\" data-id=\"4312\" src=\"https:\/\/noticiasregionais.com.br\/wp-content\/uploads\/2025\/02\/WhatsApp-Image-2025-02-05-at-15.35.50-1-768x1024.jpeg\" alt=\"\" class=\"wp-image-4312\" srcset=\"https:\/\/noticiasregionais.com.br\/wp-content\/uploads\/2025\/02\/WhatsApp-Image-2025-02-05-at-15.35.50-1-768x1024.jpeg 768w, https:\/\/noticiasregionais.com.br\/wp-content\/uploads\/2025\/02\/WhatsApp-Image-2025-02-05-at-15.35.50-1-225x300.jpeg 225w, https:\/\/noticiasregionais.com.br\/wp-content\/uploads\/2025\/02\/WhatsApp-Image-2025-02-05-at-15.35.50-1.jpeg 960w\" sizes=\"(max-width: 768px) 100vw, 768px\" \/><\/figure>\n\n\n\n<figure class=\"wp-block-image size-large\"><img decoding=\"async\" width=\"768\" height=\"1024\" data-id=\"4313\" src=\"https:\/\/noticiasregionais.com.br\/wp-content\/uploads\/2025\/02\/WhatsApp-Image-2025-02-05-at-15.35.50-768x1024.jpeg\" alt=\"\" class=\"wp-image-4313\" srcset=\"https:\/\/noticiasregionais.com.br\/wp-content\/uploads\/2025\/02\/WhatsApp-Image-2025-02-05-at-15.35.50-768x1024.jpeg 768w, https:\/\/noticiasregionais.com.br\/wp-content\/uploads\/2025\/02\/WhatsApp-Image-2025-02-05-at-15.35.50-225x300.jpeg 225w, https:\/\/noticiasregionais.com.br\/wp-content\/uploads\/2025\/02\/WhatsApp-Image-2025-02-05-at-15.35.50.jpeg 960w\" sizes=\"(max-width: 768px) 100vw, 768px\" \/><\/figure>\n<\/figure>\n<input type=\"hidden\" id=\"baseurl\" value=\"https:\/\/noticiasregionais.com.br\"><input type=\"hidden\" id=\"audio_nonce\" value=\"533fbb67b1\">","protected":false},"excerpt":{"rendered":"<p>Ourinhos se destaca como um polo educacional em ascens\u00e3o, e um dos cursos que mais tem chamado a aten\u00e7\u00e3o na&hellip;<\/p>\n","protected":false},"author":1,"featured_media":4314,"comment_status":"closed","ping_status":"open","sticky":false,"template":"","format":"standard","meta":{"sfsi_plus_gutenberg_text_before_share":"","sfsi_plus_gutenberg_show_text_before_share":"","sfsi_plus_gutenberg_icon_type":"","sfsi_plus_gutenberg_icon_alignemt":"","sfsi_plus_gutenburg_max_per_row":"","footnotes":""},"categories":[5,10,1],"tags":[],"class_list":["post-4311","post","type-post","status-publish","format-standard","has-post-thumbnail","hentry","category-ourinhos","category-destaques","category-noticias"],"_links":{"self":[{"href":"https:\/\/noticiasregionais.com.br\/index.php?rest_route=\/wp\/v2\/posts\/4311","targetHints":{"allow":["GET"]}}],"collection":[{"href":"https:\/\/noticiasregionais.com.br\/index.php?rest_route=\/wp\/v2\/posts"}],"about":[{"href":"https:\/\/noticiasregionais.com.br\/index.php?rest_route=\/wp\/v2\/types\/post"}],"author":[{"embeddable":true,"href":"https:\/\/noticiasregionais.com.br\/index.php?rest_route=\/wp\/v2\/users\/1"}],"replies":[{"embeddable":true,"href":"https:\/\/noticiasregionais.com.br\/index.php?rest_route=%2Fwp%2Fv2%2Fcomments&post=4311"}],"version-history":[{"count":1,"href":"https:\/\/noticiasregionais.com.br\/index.php?rest_route=\/wp\/v2\/posts\/4311\/revisions"}],"predecessor-version":[{"id":4315,"href":"https:\/\/noticiasregionais.com.br\/index.php?rest_route=\/wp\/v2\/posts\/4311\/revisions\/4315"}],"wp:featuredmedia":[{"embeddable":true,"href":"https:\/\/noticiasregionais.com.br\/index.php?rest_route=\/wp\/v2\/media\/4314"}],"wp:attachment":[{"href":"https:\/\/noticiasregionais.com.br\/index.php?rest_route=%2Fwp%2Fv2%2Fmedia&parent=4311"}],"wp:term":[{"taxonomy":"category","embeddable":true,"href":"https:\/\/noticiasregionais.com.br\/index.php?rest_route=%2Fwp%2Fv2%2Fcategories&post=4311"},{"taxonomy":"post_tag","embeddable":true,"href":"https:\/\/noticiasregionais.com.br\/index.php?rest_route=%2Fwp%2Fv2%2Ftags&post=4311"}],"curies":[{"name":"wp","href":"https:\/\/api.w.org\/{rel}","templated":true}]}}