{"id":4316,"date":"2025-02-07T08:19:10","date_gmt":"2025-02-07T11:19:10","guid":{"rendered":"https:\/\/noticiasregionais.com.br\/?p=4316"},"modified":"2025-02-07T08:19:22","modified_gmt":"2025-02-07T11:19:22","slug":"prejuizo-estimado-para-a-vitima-80-mil-e-estelionatarios-presos-pela-tor-em-santa-cruz-do-rio-pardo","status":"publish","type":"post","link":"https:\/\/noticiasregionais.com.br\/?p=4316","title":{"rendered":"Preju\u00edzo estimado para a v\u00edtima: 80 mil e estelionat\u00e1rios presos pela TOR em Santa Cruz do Rio Pardo"},"content":{"rendered":"\n<p>Na tarde de quarta-feira (06), policiais militares do T\u00e1tico Ostensivo Rodovi\u00e1rio (TOR) realizaram uma importante pris\u00e3o durante a Opera\u00e7\u00e3o Impacto, na Rodovia Orlando Quagliato (SP-327), em Santa Cruz do Rio Pardo\/SP. A a\u00e7\u00e3o resultou na captura de dois indiv\u00edduos envolvidos em um esquema de estelionato.<\/p>\n\n\n\n<p>Por volta das 17h, os agentes abordaram um ve\u00edculo Ford\/Fiesta para fiscaliza\u00e7\u00e3o. Durante a vistoria no autom\u00f3vel, encontraram diversas sacolas com produtos adquiridos na loja Havan do Munic\u00edpio de Presidente Prudente\/SP. Em busca pessoal, os policiais localizaram com o passageiro um cart\u00e3o de cr\u00e9dito em nome de uma terceira pessoa. Questionados sobre a proced\u00eancia do cart\u00e3o, os suspeitos n\u00e3o souberam dar explica\u00e7\u00e3o.<\/p>\n\n\n\n<p>Diante da suspeita de crime, a equipe policial realizou dilig\u00eancias e conseguiu entrar em contato com o verdadeiro propriet\u00e1rio do cart\u00e3o. A v\u00edtima relatou ter sido alvo de um golpe e que sofreu um preju\u00edzo estimado em R$ 80.000,00.<\/p>\n\n\n\n<p>A ocorr\u00eancia foi apresentada na Central de Pol\u00edcia Judici\u00e1ria de Ourinhos\/SP, onde a v\u00edtima compareceu e confirmou o crime. Durante consulta ao hist\u00f3rico dos detidos, constatou-se que ambos possuem extensas fichas criminais. O condutor do ve\u00edculo tem antecedentes por roubo e porte ilegal de arma de fogo, enquanto o passageiro acumula passagens por furto, roubo, recepta\u00e7\u00e3o, provoca\u00e7\u00e3o de aborto com consentimento da gestante e porte de arma de fogo.<\/p>\n\n\n\n<p>Diante dos fatos, os indiv\u00edduos foram presos em flagrante e permaneceram \u00e0 disposi\u00e7\u00e3o da Justi\u00e7a. A Pol\u00edcia Militar segue firme no combate ao crime, refor\u00e7ando seu compromisso com a seguran\u00e7a da popula\u00e7\u00e3o paulista.<\/p>\n\n\n\n<p><strong>Pol\u00edcia Militar, rumo aos 200 anos! Vamos todos juntos. Ningu\u00e9m fica para tr\u00e1s.<\/strong><\/p>\n<input type=\"hidden\" id=\"baseurl\" value=\"https:\/\/noticiasregionais.com.br\"><input type=\"hidden\" id=\"audio_nonce\" value=\"533fbb67b1\">","protected":false},"excerpt":{"rendered":"<p>Na tarde de quarta-feira (06), policiais militares do T\u00e1tico Ostensivo Rodovi\u00e1rio (TOR) realizaram uma importante pris\u00e3o durante a Opera\u00e7\u00e3o Impacto,&hellip;<\/p>\n","protected":false},"author":1,"featured_media":4317,"comment_status":"closed","ping_status":"open","sticky":false,"template":"","format":"standard","meta":{"sfsi_plus_gutenberg_text_before_share":"","sfsi_plus_gutenberg_show_text_before_share":"","sfsi_plus_gutenberg_icon_type":"","sfsi_plus_gutenberg_icon_alignemt":"","sfsi_plus_gutenburg_max_per_row":"","footnotes":""},"categories":[6,10,1],"tags":[],"class_list":["post-4316","post","type-post","status-publish","format-standard","has-post-thumbnail","hentry","category-sao_paulo","category-destaques","category-noticias"],"_links":{"self":[{"href":"https:\/\/noticiasregionais.com.br\/index.php?rest_route=\/wp\/v2\/posts\/4316","targetHints":{"allow":["GET"]}}],"collection":[{"href":"https:\/\/noticiasregionais.com.br\/index.php?rest_route=\/wp\/v2\/posts"}],"about":[{"href":"https:\/\/noticiasregionais.com.br\/index.php?rest_route=\/wp\/v2\/types\/post"}],"author":[{"embeddable":true,"href":"https:\/\/noticiasregionais.com.br\/index.php?rest_route=\/wp\/v2\/users\/1"}],"replies":[{"embeddable":true,"href":"https:\/\/noticiasregionais.com.br\/index.php?rest_route=%2Fwp%2Fv2%2Fcomments&post=4316"}],"version-history":[{"count":1,"href":"https:\/\/noticiasregionais.com.br\/index.php?rest_route=\/wp\/v2\/posts\/4316\/revisions"}],"predecessor-version":[{"id":4318,"href":"https:\/\/noticiasregionais.com.br\/index.php?rest_route=\/wp\/v2\/posts\/4316\/revisions\/4318"}],"wp:featuredmedia":[{"embeddable":true,"href":"https:\/\/noticiasregionais.com.br\/index.php?rest_route=\/wp\/v2\/media\/4317"}],"wp:attachment":[{"href":"https:\/\/noticiasregionais.com.br\/index.php?rest_route=%2Fwp%2Fv2%2Fmedia&parent=4316"}],"wp:term":[{"taxonomy":"category","embeddable":true,"href":"https:\/\/noticiasregionais.com.br\/index.php?rest_route=%2Fwp%2Fv2%2Fcategories&post=4316"},{"taxonomy":"post_tag","embeddable":true,"href":"https:\/\/noticiasregionais.com.br\/index.php?rest_route=%2Fwp%2Fv2%2Ftags&post=4316"}],"curies":[{"name":"wp","href":"https:\/\/api.w.org\/{rel}","templated":true}]}}