{"id":4319,"date":"2025-02-07T08:37:07","date_gmt":"2025-02-07T11:37:07","guid":{"rendered":"https:\/\/noticiasregionais.com.br\/?p=4319"},"modified":"2025-02-07T08:37:18","modified_gmt":"2025-02-07T11:37:18","slug":"vice-prefeito-alexandre-zoio-prestigia-inauguracao-da-cpfl-e-solicita-regularizacao-do-distrito-industrial-iv","status":"publish","type":"post","link":"https:\/\/noticiasregionais.com.br\/?p=4319","title":{"rendered":"Vice-prefeito Alexandre Zoio prestigia inaugura\u00e7\u00e3o da CPFL e solicita regulariza\u00e7\u00e3o do Distrito Industrial IV"},"content":{"rendered":"\n<p>Na manh\u00e3 desta quinta-feira (6), o vice-prefeito de Ourinhos, Alexandre Zoio, esteve presente na cerim\u00f4nia de inaugura\u00e7\u00e3o da nova Esta\u00e7\u00e3o Avan\u00e7ada da CPFL Santa Cruz. O evento marcou a entrega de uma estrutura moderna que recebeu um investimento superior a R$ 400 mil, visando aprimorar o atendimento na cidade e em toda a regi\u00e3o. A unidade contar\u00e1 com uma equipe qualificada para responder a emerg\u00eancias, realizar manuten\u00e7\u00f5es na rede el\u00e9trica e efetuar novas liga\u00e7\u00f5es com mais efici\u00eancia e seguran\u00e7a.<\/p>\n\n\n\n<p>Durante a ocasi\u00e3o, o vice-prefeito aproveitou para formalizar um pedido \u00e0 CPFL, solicitando urg\u00eancia na an\u00e1lise e aprova\u00e7\u00e3o do projeto el\u00e9trico do loteamento conhecido como Distrito Industrial IV. O objetivo \u00e9 garantir a instala\u00e7\u00e3o da rede el\u00e9trica conforme estabelecido no Termo de Ajuste de Conduta (TAC), acelerando o processo de regulariza\u00e7\u00e3o da \u00e1rea e viabilizando seu pleno funcionamento.<\/p>\n\n\n<div class=\"wp-block-image\">\n<figure class=\"aligncenter size-large\"><img decoding=\"async\" width=\"1024\" height=\"803\" src=\"https:\/\/noticiasregionais.com.br\/wp-content\/uploads\/2025\/02\/WhatsApp-Image-2025-02-06-at-17.00.241-1024x803.jpeg\" alt=\"\" class=\"wp-image-4320\" srcset=\"https:\/\/noticiasregionais.com.br\/wp-content\/uploads\/2025\/02\/WhatsApp-Image-2025-02-06-at-17.00.241-1024x803.jpeg 1024w, https:\/\/noticiasregionais.com.br\/wp-content\/uploads\/2025\/02\/WhatsApp-Image-2025-02-06-at-17.00.241-300x235.jpeg 300w, https:\/\/noticiasregionais.com.br\/wp-content\/uploads\/2025\/02\/WhatsApp-Image-2025-02-06-at-17.00.241-768x602.jpeg 768w, https:\/\/noticiasregionais.com.br\/wp-content\/uploads\/2025\/02\/WhatsApp-Image-2025-02-06-at-17.00.241-1536x1204.jpeg 1536w, https:\/\/noticiasregionais.com.br\/wp-content\/uploads\/2025\/02\/WhatsApp-Image-2025-02-06-at-17.00.241.jpeg 1559w\" sizes=\"(max-width: 1024px) 100vw, 1024px\" \/><\/figure>\n<\/div><input type=\"hidden\" id=\"baseurl\" value=\"https:\/\/noticiasregionais.com.br\"><input type=\"hidden\" id=\"audio_nonce\" value=\"533fbb67b1\">","protected":false},"excerpt":{"rendered":"<p>Na manh\u00e3 desta quinta-feira (6), o vice-prefeito de Ourinhos, Alexandre Zoio, esteve presente na cerim\u00f4nia de inaugura\u00e7\u00e3o da nova Esta\u00e7\u00e3o&hellip;<\/p>\n","protected":false},"author":1,"featured_media":4321,"comment_status":"closed","ping_status":"open","sticky":false,"template":"","format":"standard","meta":{"sfsi_plus_gutenberg_text_before_share":"","sfsi_plus_gutenberg_show_text_before_share":"","sfsi_plus_gutenberg_icon_type":"","sfsi_plus_gutenberg_icon_alignemt":"","sfsi_plus_gutenburg_max_per_row":"","footnotes":""},"categories":[5,12,1],"tags":[],"class_list":["post-4319","post","type-post","status-publish","format-standard","has-post-thumbnail","hentry","category-ourinhos","category-capa","category-noticias"],"_links":{"self":[{"href":"https:\/\/noticiasregionais.com.br\/index.php?rest_route=\/wp\/v2\/posts\/4319","targetHints":{"allow":["GET"]}}],"collection":[{"href":"https:\/\/noticiasregionais.com.br\/index.php?rest_route=\/wp\/v2\/posts"}],"about":[{"href":"https:\/\/noticiasregionais.com.br\/index.php?rest_route=\/wp\/v2\/types\/post"}],"author":[{"embeddable":true,"href":"https:\/\/noticiasregionais.com.br\/index.php?rest_route=\/wp\/v2\/users\/1"}],"replies":[{"embeddable":true,"href":"https:\/\/noticiasregionais.com.br\/index.php?rest_route=%2Fwp%2Fv2%2Fcomments&post=4319"}],"version-history":[{"count":1,"href":"https:\/\/noticiasregionais.com.br\/index.php?rest_route=\/wp\/v2\/posts\/4319\/revisions"}],"predecessor-version":[{"id":4322,"href":"https:\/\/noticiasregionais.com.br\/index.php?rest_route=\/wp\/v2\/posts\/4319\/revisions\/4322"}],"wp:featuredmedia":[{"embeddable":true,"href":"https:\/\/noticiasregionais.com.br\/index.php?rest_route=\/wp\/v2\/media\/4321"}],"wp:attachment":[{"href":"https:\/\/noticiasregionais.com.br\/index.php?rest_route=%2Fwp%2Fv2%2Fmedia&parent=4319"}],"wp:term":[{"taxonomy":"category","embeddable":true,"href":"https:\/\/noticiasregionais.com.br\/index.php?rest_route=%2Fwp%2Fv2%2Fcategories&post=4319"},{"taxonomy":"post_tag","embeddable":true,"href":"https:\/\/noticiasregionais.com.br\/index.php?rest_route=%2Fwp%2Fv2%2Ftags&post=4319"}],"curies":[{"name":"wp","href":"https:\/\/api.w.org\/{rel}","templated":true}]}}