{"id":4323,"date":"2025-02-07T08:50:59","date_gmt":"2025-02-07T11:50:59","guid":{"rendered":"https:\/\/noticiasregionais.com.br\/?p=4323"},"modified":"2025-02-07T08:51:10","modified_gmt":"2025-02-07T11:51:10","slug":"concessionaria-da-br-153-sp-distribui-material-pedagogico-para-educadores-da-regiao","status":"publish","type":"post","link":"https:\/\/noticiasregionais.com.br\/?p=4323","title":{"rendered":"Concession\u00e1ria da BR-153\/SP distribui material pedag\u00f3gico para educadores da regi\u00e3o"},"content":{"rendered":"\n<p>Na \u00faltima semana (29 e 31\/01), a Triunfo Transbrasiliana, respons\u00e1vel pela administra\u00e7\u00e3o da BR-153\/SP, promoveu a entrega de materiais pedag\u00f3gicos a mais de 80 professores das redes municipais de ensino de Ocau\u00e7u e Campos Novos Paulista. A iniciativa faz parte do programa Multiplicadores em Educa\u00e7\u00e3o Ambiental, que tem como objetivo capacitar docentes para trabalharem temas relacionados ao meio ambiente e sustentabilidade em sala de aula.<\/p>\n\n\n\n<p>Os educadores receberam o <strong>\u201cCaderno do Professor\u201d<\/strong>, um material que re\u00fane os conte\u00fados dos quatro m\u00f3dulos do programa, auxiliando no ensino de educa\u00e7\u00e3o ambiental ao longo de 2024. Al\u00e9m disso, na \u00faltima segunda-feira (03), mais de 30 professores de S\u00e3o Pedro do Turvo tamb\u00e9m foram contemplados com o material, completando a distribui\u00e7\u00e3o.<\/p>\n\n\n\n<p>Esse conte\u00fado did\u00e1tico ser\u00e1 utilizado para ampliar a conscientiza\u00e7\u00e3o ambiental entre os alunos da rede p\u00fablica, incentivando pr\u00e1ticas sustent\u00e1veis que podem ser levadas para suas fam\u00edlias e comunidades. O objetivo \u00e9 fortalecer a educa\u00e7\u00e3o ambiental e formar novos multiplicadores desse conhecimento.<\/p>\n\n\n\n<h3 class=\"wp-block-heading\">Alinhamento com o Pacto Global da ONU<\/h3>\n\n\n\n<p>O programa Multiplicadores em Educa\u00e7\u00e3o Ambiental est\u00e1 integrado ao <strong>Objetivo de Desenvolvimento Sustent\u00e1vel (ODS 15)<\/strong> da Rede Brasil do Pacto Global da ONU, que visa a preserva\u00e7\u00e3o e recupera\u00e7\u00e3o dos ecossistemas terrestres, o manejo sustent\u00e1vel das florestas, a conten\u00e7\u00e3o da desertifica\u00e7\u00e3o e a prote\u00e7\u00e3o da biodiversidade. Os ODS fazem parte de uma agenda global estabelecida na C\u00fapula das Na\u00e7\u00f5es Unidas sobre o Desenvolvimento Sustent\u00e1vel, com metas a serem alcan\u00e7adas at\u00e9 2030.<\/p>\n<input type=\"hidden\" id=\"baseurl\" value=\"https:\/\/noticiasregionais.com.br\"><input type=\"hidden\" id=\"audio_nonce\" value=\"533fbb67b1\">","protected":false},"excerpt":{"rendered":"<p>Na \u00faltima semana (29 e 31\/01), a Triunfo Transbrasiliana, respons\u00e1vel pela administra\u00e7\u00e3o da BR-153\/SP, promoveu a entrega de materiais pedag\u00f3gicos&hellip;<\/p>\n","protected":false},"author":1,"featured_media":4324,"comment_status":"closed","ping_status":"open","sticky":false,"template":"","format":"standard","meta":{"sfsi_plus_gutenberg_text_before_share":"","sfsi_plus_gutenberg_show_text_before_share":"","sfsi_plus_gutenberg_icon_type":"","sfsi_plus_gutenberg_icon_alignemt":"","sfsi_plus_gutenburg_max_per_row":"","footnotes":""},"categories":[6,10,1],"tags":[],"class_list":["post-4323","post","type-post","status-publish","format-standard","has-post-thumbnail","hentry","category-sao_paulo","category-destaques","category-noticias"],"_links":{"self":[{"href":"https:\/\/noticiasregionais.com.br\/index.php?rest_route=\/wp\/v2\/posts\/4323","targetHints":{"allow":["GET"]}}],"collection":[{"href":"https:\/\/noticiasregionais.com.br\/index.php?rest_route=\/wp\/v2\/posts"}],"about":[{"href":"https:\/\/noticiasregionais.com.br\/index.php?rest_route=\/wp\/v2\/types\/post"}],"author":[{"embeddable":true,"href":"https:\/\/noticiasregionais.com.br\/index.php?rest_route=\/wp\/v2\/users\/1"}],"replies":[{"embeddable":true,"href":"https:\/\/noticiasregionais.com.br\/index.php?rest_route=%2Fwp%2Fv2%2Fcomments&post=4323"}],"version-history":[{"count":1,"href":"https:\/\/noticiasregionais.com.br\/index.php?rest_route=\/wp\/v2\/posts\/4323\/revisions"}],"predecessor-version":[{"id":4325,"href":"https:\/\/noticiasregionais.com.br\/index.php?rest_route=\/wp\/v2\/posts\/4323\/revisions\/4325"}],"wp:featuredmedia":[{"embeddable":true,"href":"https:\/\/noticiasregionais.com.br\/index.php?rest_route=\/wp\/v2\/media\/4324"}],"wp:attachment":[{"href":"https:\/\/noticiasregionais.com.br\/index.php?rest_route=%2Fwp%2Fv2%2Fmedia&parent=4323"}],"wp:term":[{"taxonomy":"category","embeddable":true,"href":"https:\/\/noticiasregionais.com.br\/index.php?rest_route=%2Fwp%2Fv2%2Fcategories&post=4323"},{"taxonomy":"post_tag","embeddable":true,"href":"https:\/\/noticiasregionais.com.br\/index.php?rest_route=%2Fwp%2Fv2%2Ftags&post=4323"}],"curies":[{"name":"wp","href":"https:\/\/api.w.org\/{rel}","templated":true}]}}