{"id":4326,"date":"2025-02-09T09:27:12","date_gmt":"2025-02-09T12:27:12","guid":{"rendered":"https:\/\/noticiasregionais.com.br\/?p=4326"},"modified":"2025-02-09T09:28:11","modified_gmt":"2025-02-09T12:28:11","slug":"presidente-da-ace-se-reune-com-secretario-de-desenvolvimento-economico-para-discutir-iniciativas","status":"publish","type":"post","link":"https:\/\/noticiasregionais.com.br\/?p=4326","title":{"rendered":"Presidente da ACE se re\u00fane com Secret\u00e1rio de Desenvolvimento Econ\u00f4mico para discutir iniciativas"},"content":{"rendered":"\n<p>Nesta semana, o presidente da Associa\u00e7\u00e3o Comercial e Empresarial (ACE) de Ourinhos, Eng\u00ba Robson Martuchi, recebeu o Secret\u00e1rio de Desenvolvimento Econ\u00f4mico, Trabalho e Turismo, Higor Montoro, para debater iniciativas voltadas ao fortalecimento da economia local.<\/p>\n\n\n\n<p>Um dos principais temas abordados no encontro foi a qualifica\u00e7\u00e3o profissional. Martuchi destacou a import\u00e2ncia da reuni\u00e3o para alinhar estrat\u00e9gias que possam impulsionar o desenvolvimento do munic\u00edpio. &#8220;A ACE representa um dos pilares do setor empresarial de Ourinhos, e nosso compromisso \u00e9 fomentar iniciativas que estimulem o crescimento e a capacita\u00e7\u00e3o profissional na cidade&#8221;, afirmou.<\/p>\n\n\n\n<p>A parceria entre a ACE, a Prefeitura e institui\u00e7\u00f5es do Sistema S, como SEBRAE, SENAI e SENAC, est\u00e1 sendo estruturada para ampliar as oportunidades de forma\u00e7\u00e3o e empregabilidade. &#8220;A ACE sempre esteve \u00e0 frente na articula\u00e7\u00e3o dessas parcerias, garantindo a chegada de importantes equipamentos educacionais. Nosso foco \u00e9 qualificar jovens, gerar renda e fortalecer o mercado de trabalho local&#8221;, destacou Martuchi.<\/p>\n\n\n\n<p>Al\u00e9m disso, outras demandas urbanas tamb\u00e9m entraram na pauta da reuni\u00e3o. &#8220;Conversamos sobre quest\u00f5es essenciais, como melhorias no tr\u00e2nsito, limpeza urbana e o funcionamento da zona azul. Como polo comercial da regi\u00e3o, Ourinhos precisa oferecer um ambiente organizado e atrativo para consumidores e investidores&#8221;, pontuou o presidente da ACE.<\/p>\n\n\n\n<p>O encontro refor\u00e7ou o compromisso da entidade em atuar junto ao poder p\u00fablico para impulsionar o progresso da cidade.<\/p>\n<input type=\"hidden\" id=\"baseurl\" value=\"https:\/\/noticiasregionais.com.br\"><input type=\"hidden\" id=\"audio_nonce\" value=\"533fbb67b1\">","protected":false},"excerpt":{"rendered":"<p>Nesta semana, o presidente da Associa\u00e7\u00e3o Comercial e Empresarial (ACE) de Ourinhos, Eng\u00ba Robson Martuchi, recebeu o Secret\u00e1rio de Desenvolvimento&hellip;<\/p>\n","protected":false},"author":1,"featured_media":4327,"comment_status":"closed","ping_status":"open","sticky":false,"template":"","format":"standard","meta":{"sfsi_plus_gutenberg_text_before_share":"","sfsi_plus_gutenberg_show_text_before_share":"","sfsi_plus_gutenberg_icon_type":"","sfsi_plus_gutenberg_icon_alignemt":"","sfsi_plus_gutenburg_max_per_row":"","footnotes":""},"categories":[1,10,5],"tags":[],"class_list":["post-4326","post","type-post","status-publish","format-standard","has-post-thumbnail","hentry","category-noticias","category-destaques","category-ourinhos"],"_links":{"self":[{"href":"https:\/\/noticiasregionais.com.br\/index.php?rest_route=\/wp\/v2\/posts\/4326","targetHints":{"allow":["GET"]}}],"collection":[{"href":"https:\/\/noticiasregionais.com.br\/index.php?rest_route=\/wp\/v2\/posts"}],"about":[{"href":"https:\/\/noticiasregionais.com.br\/index.php?rest_route=\/wp\/v2\/types\/post"}],"author":[{"embeddable":true,"href":"https:\/\/noticiasregionais.com.br\/index.php?rest_route=\/wp\/v2\/users\/1"}],"replies":[{"embeddable":true,"href":"https:\/\/noticiasregionais.com.br\/index.php?rest_route=%2Fwp%2Fv2%2Fcomments&post=4326"}],"version-history":[{"count":1,"href":"https:\/\/noticiasregionais.com.br\/index.php?rest_route=\/wp\/v2\/posts\/4326\/revisions"}],"predecessor-version":[{"id":4328,"href":"https:\/\/noticiasregionais.com.br\/index.php?rest_route=\/wp\/v2\/posts\/4326\/revisions\/4328"}],"wp:featuredmedia":[{"embeddable":true,"href":"https:\/\/noticiasregionais.com.br\/index.php?rest_route=\/wp\/v2\/media\/4327"}],"wp:attachment":[{"href":"https:\/\/noticiasregionais.com.br\/index.php?rest_route=%2Fwp%2Fv2%2Fmedia&parent=4326"}],"wp:term":[{"taxonomy":"category","embeddable":true,"href":"https:\/\/noticiasregionais.com.br\/index.php?rest_route=%2Fwp%2Fv2%2Fcategories&post=4326"},{"taxonomy":"post_tag","embeddable":true,"href":"https:\/\/noticiasregionais.com.br\/index.php?rest_route=%2Fwp%2Fv2%2Ftags&post=4326"}],"curies":[{"name":"wp","href":"https:\/\/api.w.org\/{rel}","templated":true}]}}