{"id":4329,"date":"2025-02-09T10:15:46","date_gmt":"2025-02-09T13:15:46","guid":{"rendered":"https:\/\/noticiasregionais.com.br\/?p=4329"},"modified":"2025-02-09T10:15:48","modified_gmt":"2025-02-09T13:15:48","slug":"hoje-tem-domingueira-de-karaoke-da-equipe-baila-comigo-na-aeco-com-entrada-gratuita-e-premios","status":"publish","type":"post","link":"https:\/\/noticiasregionais.com.br\/?p=4329","title":{"rendered":"Hoje tem Domingueira de Karaok\u00ea da Equipe Baila Comigo na AECO com entrada gratuita e pr\u00eamios"},"content":{"rendered":"\n<p class=\"has-text-align-center\"><em>Venha se divertir muito e ainda saborear por\u00e7\u00f5es deliciosas e aquela cerveja super gelada<\/em><\/p>\n\n\n\n<p>Ourinhos se prepara para uma tarde de muita m\u00fasica, alegria e intera\u00e7\u00e3o com a 1\u00aa Domingueira de Karaok\u00ea, organizada pela Equipe Baila Comigo. O evento acontece neste domingo, dia 9 de fevereiro, a partir das 16 horas, na AECO (Associa\u00e7\u00e3o Esportiva e Cultural de Ourinhos), localizada na Rua Maranh\u00e3o, 425, atr\u00e1s do Supermercado Avenida, no Centro da cidade.<\/p>\n\n\n\n<p>A Domingueira de Karaok\u00ea promete reunir talentos locais e amantes da boa m\u00fasica em um ambiente familiar e descontra\u00eddo. Os participantes da competi\u00e7\u00e3o musical ter\u00e3o a oportunidade de concorrer a pr\u00eamios em dinheiro. Al\u00e9m do karaok\u00ea, o p\u00fablico poder\u00e1 aproveitar deliciosas por\u00e7\u00f5es, cerveja bem gelada e uma atmosfera animada para curtir com amigos e fam\u00edlia.<\/p>\n\n\n\n<p>A Equipe Baila Comigo, comandada por Isabel e Juliano, atua em Ourinhos desde 2015, promovendo eventos que valorizam a cultura e a divers\u00e3o na cidade. Predominantemente, os bailes organizados pela equipe s\u00e3o de forr\u00f3, mas eventualmente tamb\u00e9m s\u00e3o realizados eventos de outros estilos musicais. Conhecida por trazer as melhores bandas da regi\u00e3o, a equipe realiza festas tem\u00e1ticas como FlashBack, Bailes Sociais, Bailes Countrys, Festas a Fantasia e eventos de R\u00e9veillon. Os eventos s\u00e3o organizados na AECO, um espa\u00e7o amplo, arejado e com estacionamento f\u00e1cil, que recebe n\u00e3o apenas o p\u00fablico local, mas tamb\u00e9m visitantes de toda a regi\u00e3o.<\/p>\n\n\n\n<p>A iniciativa conta com o apoio de diversos patrocinadores locais, entre eles Refrigera\u00e7\u00e3o Arruda, Cozinha da R\u00f4, Adega Sedassari, Adega do Alem\u00e3o, Ferro Velho Givaldo Metais, Val Alarmes \u2013 Seguran\u00e7a Eletr\u00f4nica, Portal Not\u00edcias Regionais, Bar do Trovo, Emp\u00f3rio Animal PetShop e Artigos de Pesca, al\u00e9m da parceria com o representante Quatree Supreme e Billy Dog \u2013 Paulo Chaves.<\/p>\n\n\n\n<p>Para mais informa\u00e7\u00f5es sobre o evento, os interessados podem entrar em contato pelo telefone e WhatsApp (14) 9-9799-6611, com Isabel.<\/p>\n\n\n\n<p>N\u00e3o perca essa oportunidade de soltar a voz e aproveitar uma tarde repleta de m\u00fasica, talento e divers\u00e3o na Domingueira de Karaok\u00ea da AECO!<\/p>\n\n\n<div class=\"wp-block-image\">\n<figure class=\"aligncenter size-large\"><img decoding=\"async\" width=\"768\" height=\"1024\" src=\"https:\/\/noticiasregionais.com.br\/wp-content\/uploads\/2025\/02\/WhatsApp-Image-2025-02-05-at-12.14.01-1-768x1024.jpeg\" alt=\"\" class=\"wp-image-4299\" srcset=\"https:\/\/noticiasregionais.com.br\/wp-content\/uploads\/2025\/02\/WhatsApp-Image-2025-02-05-at-12.14.01-1-768x1024.jpeg 768w, https:\/\/noticiasregionais.com.br\/wp-content\/uploads\/2025\/02\/WhatsApp-Image-2025-02-05-at-12.14.01-1-225x300.jpeg 225w, https:\/\/noticiasregionais.com.br\/wp-content\/uploads\/2025\/02\/WhatsApp-Image-2025-02-05-at-12.14.01-1-1152x1536.jpeg 1152w, https:\/\/noticiasregionais.com.br\/wp-content\/uploads\/2025\/02\/WhatsApp-Image-2025-02-05-at-12.14.01-1-1536x2048.jpeg 1536w, https:\/\/noticiasregionais.com.br\/wp-content\/uploads\/2025\/02\/WhatsApp-Image-2025-02-05-at-12.14.01-1-scaled.jpeg 1920w\" sizes=\"(max-width: 768px) 100vw, 768px\" \/><\/figure>\n<\/div><input type=\"hidden\" id=\"baseurl\" value=\"https:\/\/noticiasregionais.com.br\"><input type=\"hidden\" id=\"audio_nonce\" value=\"533fbb67b1\">","protected":false},"excerpt":{"rendered":"<p>Venha se divertir muito e ainda saborear por\u00e7\u00f5es deliciosas e aquela cerveja super gelada Ourinhos se prepara para uma tarde&hellip;<\/p>\n","protected":false},"author":1,"featured_media":4330,"comment_status":"closed","ping_status":"open","sticky":false,"template":"","format":"standard","meta":{"sfsi_plus_gutenberg_text_before_share":"","sfsi_plus_gutenberg_show_text_before_share":"","sfsi_plus_gutenberg_icon_type":"","sfsi_plus_gutenberg_icon_alignemt":"","sfsi_plus_gutenburg_max_per_row":"","footnotes":""},"categories":[5,12,1],"tags":[],"class_list":["post-4329","post","type-post","status-publish","format-standard","has-post-thumbnail","hentry","category-ourinhos","category-capa","category-noticias"],"_links":{"self":[{"href":"https:\/\/noticiasregionais.com.br\/index.php?rest_route=\/wp\/v2\/posts\/4329","targetHints":{"allow":["GET"]}}],"collection":[{"href":"https:\/\/noticiasregionais.com.br\/index.php?rest_route=\/wp\/v2\/posts"}],"about":[{"href":"https:\/\/noticiasregionais.com.br\/index.php?rest_route=\/wp\/v2\/types\/post"}],"author":[{"embeddable":true,"href":"https:\/\/noticiasregionais.com.br\/index.php?rest_route=\/wp\/v2\/users\/1"}],"replies":[{"embeddable":true,"href":"https:\/\/noticiasregionais.com.br\/index.php?rest_route=%2Fwp%2Fv2%2Fcomments&post=4329"}],"version-history":[{"count":1,"href":"https:\/\/noticiasregionais.com.br\/index.php?rest_route=\/wp\/v2\/posts\/4329\/revisions"}],"predecessor-version":[{"id":4331,"href":"https:\/\/noticiasregionais.com.br\/index.php?rest_route=\/wp\/v2\/posts\/4329\/revisions\/4331"}],"wp:featuredmedia":[{"embeddable":true,"href":"https:\/\/noticiasregionais.com.br\/index.php?rest_route=\/wp\/v2\/media\/4330"}],"wp:attachment":[{"href":"https:\/\/noticiasregionais.com.br\/index.php?rest_route=%2Fwp%2Fv2%2Fmedia&parent=4329"}],"wp:term":[{"taxonomy":"category","embeddable":true,"href":"https:\/\/noticiasregionais.com.br\/index.php?rest_route=%2Fwp%2Fv2%2Fcategories&post=4329"},{"taxonomy":"post_tag","embeddable":true,"href":"https:\/\/noticiasregionais.com.br\/index.php?rest_route=%2Fwp%2Fv2%2Ftags&post=4329"}],"curies":[{"name":"wp","href":"https:\/\/api.w.org\/{rel}","templated":true}]}}