{"id":4332,"date":"2025-02-10T07:15:19","date_gmt":"2025-02-10T10:15:19","guid":{"rendered":"https:\/\/noticiasregionais.com.br\/?p=4332"},"modified":"2025-02-10T08:07:21","modified_gmt":"2025-02-10T11:07:21","slug":"colisao-traseira-na-br-153-em-santo-antonio-da-platina-resulta-em-uma-morte","status":"publish","type":"post","link":"https:\/\/noticiasregionais.com.br\/?p=4332","title":{"rendered":"Colis\u00e3o traseira na BR-153 em Santo Ant\u00f4nio da Platina resulta em uma morte"},"content":{"rendered":"\n<p>Na manh\u00e3 deste domingo (09), um grave acidente de tr\u00e2nsito na BR-153, no km 51,1, no munic\u00edpio de Santo Ant\u00f4nio da Platina (PR), resultou na morte de um homem de 30 anos. O sinistro ocorreu por volta das 08h10, quando um autom\u00f3vel Fiat\/Palio, com placas de Jundia\u00ed do Sul (PR), colidiu na traseira de um rodotrem que seguia no mesmo sentido, de Guapirama (PR) para Santo Ant\u00f4nio da Platina (PR).<\/p>\n\n\n\n<p>De acordo com a Pol\u00edcia Rodovi\u00e1ria Federal (PRF), a v\u00edtima, condutor do autom\u00f3vel, n\u00e3o resistiu aos ferimentos e faleceu no local. As circunst\u00e2ncias que levaram ao acidente ainda ser\u00e3o apuradas pela PRF, que ser\u00e1 respons\u00e1vel pela confec\u00e7\u00e3o do Laudo Pericial de Acidente de Tr\u00e2nsito.<\/p>\n\n\n\n<p>Equipes do Corpo de Bombeiros, da Concession\u00e1ria EPR, da Pol\u00edcia Cient\u00edfica\/IML, da Pol\u00edcia Civil e da PRF estiveram no local para atender a ocorr\u00eancia e realizar os procedimentos necess\u00e1rios. O tr\u00e2nsito na regi\u00e3o sofreu altera\u00e7\u00f5es moment\u00e2neas devido ao atendimento da ocorr\u00eancia e remo\u00e7\u00e3o dos ve\u00edculos envolvidos.<\/p>\n\n\n\n<p>A PRF refor\u00e7a a import\u00e2ncia da aten\u00e7\u00e3o redobrada ao volante e do respeito aos limites de velocidade para evitar acidentes nas rodovias. Investiga\u00e7\u00f5es ser\u00e3o conduzidas para esclarecer as causas exatas da colis\u00e3o.<\/p>\n<input type=\"hidden\" id=\"baseurl\" value=\"https:\/\/noticiasregionais.com.br\"><input type=\"hidden\" id=\"audio_nonce\" value=\"533fbb67b1\">","protected":false},"excerpt":{"rendered":"<p>Na manh\u00e3 deste domingo (09), um grave acidente de tr\u00e2nsito na BR-153, no km 51,1, no munic\u00edpio de Santo Ant\u00f4nio&hellip;<\/p>\n","protected":false},"author":1,"featured_media":4333,"comment_status":"closed","ping_status":"open","sticky":false,"template":"","format":"standard","meta":{"sfsi_plus_gutenberg_text_before_share":"","sfsi_plus_gutenberg_show_text_before_share":"","sfsi_plus_gutenberg_icon_type":"","sfsi_plus_gutenberg_icon_alignemt":"","sfsi_plus_gutenburg_max_per_row":"","footnotes":""},"categories":[7,10,1],"tags":[],"class_list":["post-4332","post","type-post","status-publish","format-standard","has-post-thumbnail","hentry","category-parana","category-destaques","category-noticias"],"_links":{"self":[{"href":"https:\/\/noticiasregionais.com.br\/index.php?rest_route=\/wp\/v2\/posts\/4332","targetHints":{"allow":["GET"]}}],"collection":[{"href":"https:\/\/noticiasregionais.com.br\/index.php?rest_route=\/wp\/v2\/posts"}],"about":[{"href":"https:\/\/noticiasregionais.com.br\/index.php?rest_route=\/wp\/v2\/types\/post"}],"author":[{"embeddable":true,"href":"https:\/\/noticiasregionais.com.br\/index.php?rest_route=\/wp\/v2\/users\/1"}],"replies":[{"embeddable":true,"href":"https:\/\/noticiasregionais.com.br\/index.php?rest_route=%2Fwp%2Fv2%2Fcomments&post=4332"}],"version-history":[{"count":1,"href":"https:\/\/noticiasregionais.com.br\/index.php?rest_route=\/wp\/v2\/posts\/4332\/revisions"}],"predecessor-version":[{"id":4334,"href":"https:\/\/noticiasregionais.com.br\/index.php?rest_route=\/wp\/v2\/posts\/4332\/revisions\/4334"}],"wp:featuredmedia":[{"embeddable":true,"href":"https:\/\/noticiasregionais.com.br\/index.php?rest_route=\/wp\/v2\/media\/4333"}],"wp:attachment":[{"href":"https:\/\/noticiasregionais.com.br\/index.php?rest_route=%2Fwp%2Fv2%2Fmedia&parent=4332"}],"wp:term":[{"taxonomy":"category","embeddable":true,"href":"https:\/\/noticiasregionais.com.br\/index.php?rest_route=%2Fwp%2Fv2%2Fcategories&post=4332"},{"taxonomy":"post_tag","embeddable":true,"href":"https:\/\/noticiasregionais.com.br\/index.php?rest_route=%2Fwp%2Fv2%2Ftags&post=4332"}],"curies":[{"name":"wp","href":"https:\/\/api.w.org\/{rel}","templated":true}]}}