{"id":4335,"date":"2025-02-10T08:11:09","date_gmt":"2025-02-10T11:11:09","guid":{"rendered":"https:\/\/noticiasregionais.com.br\/?p=4335"},"modified":"2025-02-10T08:11:11","modified_gmt":"2025-02-10T11:11:11","slug":"novo-projeto-de-lei-da-camara-de-ourinhos-preve-criacao-de-cargos-e-aumento-de-gastos","status":"publish","type":"post","link":"https:\/\/noticiasregionais.com.br\/?p=4335","title":{"rendered":"Novo projeto de lei da c\u00e2mara de Ourinhos prev\u00ea cria\u00e7\u00e3o de cargos e aumento de gastos"},"content":{"rendered":"\n<p>A C\u00e2mara Municipal de Ourinhos apresentou um novo projeto de lei que prop\u00f5e modifica\u00e7\u00f5es na estrutura administrativa e de pessoal do Legislativo, incluindo a cria\u00e7\u00e3o de novos cargos comissionados e setores internos. Embora a justificativa do projeto ressalte a necessidade de aprimoramento das atividades legislativas e de inclus\u00e3o, a medida levanta questionamentos sobre o aumento de despesas em um momento de desafios econ\u00f4micos para o munic\u00edpio.<\/p>\n\n\n\n<h3 class=\"wp-block-heading\"><strong>Aumento de Cargos e Estrutura<\/strong><\/h3>\n\n\n\n<p>O projeto cria tr\u00eas novos cargos comissionados:<\/p>\n\n\n\n<ul class=\"wp-block-list\">\n<li><strong>Assessor Especial de Acompanhamento da Execu\u00e7\u00e3o Or\u00e7ament\u00e1ria e das Pol\u00edticas P\u00fablicas Municipais<\/strong>, com fun\u00e7\u00e3o de fiscalizar e relatar a execu\u00e7\u00e3o or\u00e7ament\u00e1ria do munic\u00edpio;<\/li>\n\n\n\n<li><strong>Assessor de Imprensa<\/strong>, vinculado \u00e0 TV e R\u00e1dio C\u00e2mara, com a miss\u00e3o de aprimorar a comunica\u00e7\u00e3o institucional do Legislativo;<\/li>\n\n\n\n<li><strong>Chefe do Setor de Inclus\u00e3o e Acessibilidade Legislativa<\/strong>, que comandar\u00e1 a nova unidade destinada \u00e0 inclus\u00e3o de pessoas com defici\u00eancia.<\/li>\n<\/ul>\n\n\n\n<p>Al\u00e9m disso, tamb\u00e9m est\u00e1 prevista a cria\u00e7\u00e3o de uma <strong>Equipe de Apoio ao Agente de Contrata\u00e7\u00e3o<\/strong>, composta por cinco membros permanentes e dois tempor\u00e1rios, e um novo cargo efetivo de <strong>Motorista Legislativo<\/strong>.<\/p>\n\n\n\n<h3 class=\"wp-block-heading\"><strong>Impacto Financeiro e Necessidade Questionada<\/strong><\/h3>\n\n\n\n<p>A proposta justifica a amplia\u00e7\u00e3o da estrutura administrativa com a necessidade de adequa\u00e7\u00e3o \u00e0s demandas crescentes do Poder Legislativo. No entanto, a medida gera preocupa\u00e7\u00e3o em rela\u00e7\u00e3o ao impacto financeiro. Com a previs\u00e3o de novos sal\u00e1rios e gratifica\u00e7\u00f5es, o or\u00e7amento da C\u00e2mara poder\u00e1 ser significativamente onerado, sem uma garantia clara de retorno para a popula\u00e7\u00e3o.<\/p>\n\n\n\n<p>Em um momento em que o setor p\u00fablico enfrenta desafios financeiros e a popula\u00e7\u00e3o sofre com a defici\u00eancia de investimentos em \u00e1reas essenciais, como sa\u00fade e educa\u00e7\u00e3o, o aumento dos gastos com cargos comissionados levanta d\u00favidas sobre a real prioridade do Legislativo. O projeto tamb\u00e9m abre espa\u00e7o para questionamentos sobre a necessidade de novas fun\u00e7\u00f5es que poderiam ser desempenhadas por servidores j\u00e1 existentes.<\/p>\n\n\n\n<h3 class=\"wp-block-heading\"><strong>Transpar\u00eancia e Controle<\/strong><\/h3>\n\n\n\n<p>Outro ponto pol\u00eamico \u00e9 a previs\u00e3o de gratifica\u00e7\u00f5es para os fiscais de contrato e para os integrantes do Sistema de Controle Interno. Embora seja justific\u00e1vel a valoriza\u00e7\u00e3o dos servidores envolvidos na fiscaliza\u00e7\u00e3o dos contratos, a falta de detalhes sobre os crit\u00e9rios de concess\u00e3o e valores dessas gratifica\u00e7\u00f5es pode abrir precedentes para questionamentos sobre transpar\u00eancia nos gastos.<\/p>\n\n\n\n<h3 class=\"wp-block-heading\"><strong>Conclus\u00e3o<\/strong><\/h3>\n\n\n\n<p>Se por um lado a reestrutura\u00e7\u00e3o busca melhorar a efici\u00eancia dos trabalhos legislativos, por outro, o aumento dos gastos com novos cargos e gratifica\u00e7\u00f5es pode ser visto como um peso extra para os cofres p\u00fablicos. A popula\u00e7\u00e3o ourinhense aguarda um posicionamento mais detalhado dos vereadores sobre a real necessidade da amplia\u00e7\u00e3o da estrutura administrativa e dos impactos financeiros a longo prazo. Resta saber se o Legislativo estar\u00e1 disposto a abrir essa discuss\u00e3o de forma transparente com a sociedade.<\/p>\n<input type=\"hidden\" id=\"baseurl\" value=\"https:\/\/noticiasregionais.com.br\"><input type=\"hidden\" id=\"audio_nonce\" value=\"533fbb67b1\">","protected":false},"excerpt":{"rendered":"<p>A C\u00e2mara Municipal de Ourinhos apresentou um novo projeto de lei que prop\u00f5e modifica\u00e7\u00f5es na estrutura administrativa e de pessoal&hellip;<\/p>\n","protected":false},"author":1,"featured_media":4336,"comment_status":"closed","ping_status":"open","sticky":false,"template":"","format":"standard","meta":{"sfsi_plus_gutenberg_text_before_share":"","sfsi_plus_gutenberg_show_text_before_share":"","sfsi_plus_gutenberg_icon_type":"","sfsi_plus_gutenberg_icon_alignemt":"","sfsi_plus_gutenburg_max_per_row":"","footnotes":""},"categories":[5,12,1],"tags":[],"class_list":["post-4335","post","type-post","status-publish","format-standard","has-post-thumbnail","hentry","category-ourinhos","category-capa","category-noticias"],"_links":{"self":[{"href":"https:\/\/noticiasregionais.com.br\/index.php?rest_route=\/wp\/v2\/posts\/4335","targetHints":{"allow":["GET"]}}],"collection":[{"href":"https:\/\/noticiasregionais.com.br\/index.php?rest_route=\/wp\/v2\/posts"}],"about":[{"href":"https:\/\/noticiasregionais.com.br\/index.php?rest_route=\/wp\/v2\/types\/post"}],"author":[{"embeddable":true,"href":"https:\/\/noticiasregionais.com.br\/index.php?rest_route=\/wp\/v2\/users\/1"}],"replies":[{"embeddable":true,"href":"https:\/\/noticiasregionais.com.br\/index.php?rest_route=%2Fwp%2Fv2%2Fcomments&post=4335"}],"version-history":[{"count":1,"href":"https:\/\/noticiasregionais.com.br\/index.php?rest_route=\/wp\/v2\/posts\/4335\/revisions"}],"predecessor-version":[{"id":4337,"href":"https:\/\/noticiasregionais.com.br\/index.php?rest_route=\/wp\/v2\/posts\/4335\/revisions\/4337"}],"wp:featuredmedia":[{"embeddable":true,"href":"https:\/\/noticiasregionais.com.br\/index.php?rest_route=\/wp\/v2\/media\/4336"}],"wp:attachment":[{"href":"https:\/\/noticiasregionais.com.br\/index.php?rest_route=%2Fwp%2Fv2%2Fmedia&parent=4335"}],"wp:term":[{"taxonomy":"category","embeddable":true,"href":"https:\/\/noticiasregionais.com.br\/index.php?rest_route=%2Fwp%2Fv2%2Fcategories&post=4335"},{"taxonomy":"post_tag","embeddable":true,"href":"https:\/\/noticiasregionais.com.br\/index.php?rest_route=%2Fwp%2Fv2%2Ftags&post=4335"}],"curies":[{"name":"wp","href":"https:\/\/api.w.org\/{rel}","templated":true}]}}