{"id":4338,"date":"2025-02-10T20:05:26","date_gmt":"2025-02-10T23:05:26","guid":{"rendered":"https:\/\/noticiasregionais.com.br\/?p=4338"},"modified":"2025-02-10T20:05:28","modified_gmt":"2025-02-10T23:05:28","slug":"saude-expande-atendimento-para-casos-de-dengue-e-assistencia-social","status":"publish","type":"post","link":"https:\/\/noticiasregionais.com.br\/?p=4338","title":{"rendered":"Sa\u00fade expande atendimento para casos de dengue e assist\u00eancia social"},"content":{"rendered":"\n<p>A partir da pr\u00f3xima segunda-feira (10), as Unidades B\u00e1sicas de Sa\u00fade (UBS) Caic e Pacheco ter\u00e3o hor\u00e1rio ampliado, funcionando at\u00e9 \u00e0s 20h para atendimento exclusivo de pacientes com sintomas de dengue.<\/p>\n\n\n\n<p>A medida foi adotada em resposta ao aumento dos casos da doen\u00e7a, buscando facilitar o acesso ao atendimento m\u00e9dico no per\u00edodo noturno e garantir assist\u00eancia adequada \u00e0 popula\u00e7\u00e3o.<\/p>\n\n\n\n<p>Al\u00e9m desse servi\u00e7o, a UBS Caic passar\u00e1 a oferecer um novo suporte de assist\u00eancia social, auxiliando os moradores na obten\u00e7\u00e3o de itens essenciais, como fraldas e medicamentos, al\u00e9m de outros benef\u00edcios. Essa iniciativa refor\u00e7a o compromisso da gest\u00e3o municipal em ampliar o apoio social \u00e0s fam\u00edlias que necessitam.<\/p>\n\n\n\n<p>&#8220;Nosso objetivo \u00e9 aprimorar cada vez mais o atendimento \u00e0 popula\u00e7\u00e3o, garantindo que todos tenham acesso aos servi\u00e7os de sa\u00fade e assist\u00eancia de forma eficiente&#8221;, destacou o secret\u00e1rio de Sa\u00fade, Diego Singolani.<\/p>\n\n\n\n<p>A Secretaria de Sa\u00fade tamb\u00e9m refor\u00e7a a import\u00e2ncia da preven\u00e7\u00e3o contra a dengue, incentivando a elimina\u00e7\u00e3o de focos do mosquito Aedes aegypti e orientando a popula\u00e7\u00e3o a procurar atendimento imediato em caso de sintomas como febre alta, dores musculares e manchas avermelhadas na pele.<\/p>\n\n\n\n<p>Com a amplia\u00e7\u00e3o dos servi\u00e7os nas UBS Caic e Pacheco, a administra\u00e7\u00e3o municipal reafirma seu compromisso com a qualidade de vida e o bem-estar da comunidade.<\/p>\n<input type=\"hidden\" id=\"baseurl\" value=\"https:\/\/noticiasregionais.com.br\"><input type=\"hidden\" id=\"audio_nonce\" value=\"5c13e0637f\">","protected":false},"excerpt":{"rendered":"<p>A partir da pr\u00f3xima segunda-feira (10), as Unidades B\u00e1sicas de Sa\u00fade (UBS) Caic e Pacheco ter\u00e3o hor\u00e1rio ampliado, funcionando at\u00e9&hellip;<\/p>\n","protected":false},"author":1,"featured_media":4339,"comment_status":"closed","ping_status":"open","sticky":false,"template":"","format":"standard","meta":{"sfsi_plus_gutenberg_text_before_share":"","sfsi_plus_gutenberg_show_text_before_share":"","sfsi_plus_gutenberg_icon_type":"","sfsi_plus_gutenberg_icon_alignemt":"","sfsi_plus_gutenburg_max_per_row":"","footnotes":""},"categories":[5,10,1],"tags":[],"class_list":["post-4338","post","type-post","status-publish","format-standard","has-post-thumbnail","hentry","category-ourinhos","category-destaques","category-noticias"],"_links":{"self":[{"href":"https:\/\/noticiasregionais.com.br\/index.php?rest_route=\/wp\/v2\/posts\/4338","targetHints":{"allow":["GET"]}}],"collection":[{"href":"https:\/\/noticiasregionais.com.br\/index.php?rest_route=\/wp\/v2\/posts"}],"about":[{"href":"https:\/\/noticiasregionais.com.br\/index.php?rest_route=\/wp\/v2\/types\/post"}],"author":[{"embeddable":true,"href":"https:\/\/noticiasregionais.com.br\/index.php?rest_route=\/wp\/v2\/users\/1"}],"replies":[{"embeddable":true,"href":"https:\/\/noticiasregionais.com.br\/index.php?rest_route=%2Fwp%2Fv2%2Fcomments&post=4338"}],"version-history":[{"count":1,"href":"https:\/\/noticiasregionais.com.br\/index.php?rest_route=\/wp\/v2\/posts\/4338\/revisions"}],"predecessor-version":[{"id":4340,"href":"https:\/\/noticiasregionais.com.br\/index.php?rest_route=\/wp\/v2\/posts\/4338\/revisions\/4340"}],"wp:featuredmedia":[{"embeddable":true,"href":"https:\/\/noticiasregionais.com.br\/index.php?rest_route=\/wp\/v2\/media\/4339"}],"wp:attachment":[{"href":"https:\/\/noticiasregionais.com.br\/index.php?rest_route=%2Fwp%2Fv2%2Fmedia&parent=4338"}],"wp:term":[{"taxonomy":"category","embeddable":true,"href":"https:\/\/noticiasregionais.com.br\/index.php?rest_route=%2Fwp%2Fv2%2Fcategories&post=4338"},{"taxonomy":"post_tag","embeddable":true,"href":"https:\/\/noticiasregionais.com.br\/index.php?rest_route=%2Fwp%2Fv2%2Ftags&post=4338"}],"curies":[{"name":"wp","href":"https:\/\/api.w.org\/{rel}","templated":true}]}}