{"id":4344,"date":"2025-02-10T20:20:25","date_gmt":"2025-02-10T23:20:25","guid":{"rendered":"https:\/\/noticiasregionais.com.br\/?p=4344"},"modified":"2025-02-10T20:20:28","modified_gmt":"2025-02-10T23:20:28","slug":"policia-militar-registra-diversas-ocorrencias-na-regiao-de-ourinhos","status":"publish","type":"post","link":"https:\/\/noticiasregionais.com.br\/?p=4344","title":{"rendered":"Pol\u00edcia Militar registra diversas ocorr\u00eancias na regi\u00e3o de Ourinhos"},"content":{"rendered":"\n<p>Nos \u00faltimos dias, a Pol\u00edcia Militar atuou em diferentes ocorr\u00eancias na regi\u00e3o de Ourinhos, resultando na pris\u00e3o de suspeitos por tr\u00e1fico de drogas, porte ilegal de arma de fogo e tentativa de golpe banc\u00e1rio.<\/p>\n\n\n\n<p>Na sexta-feira (08), em S\u00e3o Pedro do Turvo, a PM prendeu dois indiv\u00edduos por tr\u00e1fico de drogas ap\u00f3s um breve acompanhamento de ve\u00edculo. Os suspeitos foram conduzidos ao CPJ de Ourinhos, onde permaneceram \u00e0 disposi\u00e7\u00e3o da Justi\u00e7a.<\/p>\n\n\n\n<p>J\u00e1 no s\u00e1bado (09), uma equipe da For\u00e7a T\u00e1tica do 31\u00ba BPM\/I realizou a pris\u00e3o de um homem por porte ilegal de arma de fogo e tr\u00e1fico de drogas. No dia seguinte, na madrugada de domingo (10), mais um indiv\u00edduo foi detido com uma certa quantidade de entorpecentes. Ambos os casos tamb\u00e9m foram encaminhados ao CPJ de Ourinhos.<\/p>\n\n\n\n<p>Al\u00e9m disso, a equipe da Atividade Delegada agiu ap\u00f3s receber informa\u00e7\u00f5es sobre golpistas que haviam atuado em Santa Cruz do Rio Pardo e estavam em uma ag\u00eancia banc\u00e1ria de Ourinhos. No local, dois indiv\u00edduos foram abordados, sendo que um deles portava uma CNH falsa. Durante a abordagem, um dos suspeitos tentou subornar os policiais, oferecendo dinheiro para que fossem liberados, o que resultou na pris\u00e3o por corrup\u00e7\u00e3o ativa. Os dois homens foram levados ao CPJ e seguem \u00e0 disposi\u00e7\u00e3o da Justi\u00e7a.<\/p>\n\n\n\n<p>A Pol\u00edcia Militar refor\u00e7a seu compromisso com a seguran\u00e7a da popula\u00e7\u00e3o e segue vigilante no combate ao crime na regi\u00e3o.<\/p>\n\n\n\n<figure class=\"wp-block-gallery has-nested-images columns-default is-cropped wp-block-gallery-1 is-layout-flex wp-block-gallery-is-layout-flex\">\n<figure class=\"wp-block-image size-large\"><img decoding=\"async\" width=\"1024\" height=\"1024\" data-id=\"4346\" src=\"https:\/\/noticiasregionais.com.br\/wp-content\/uploads\/2025\/02\/WhatsApp-Image-2025-02-10-at-10.27.51-1024x1024.jpeg\" alt=\"\" class=\"wp-image-4346\" srcset=\"https:\/\/noticiasregionais.com.br\/wp-content\/uploads\/2025\/02\/WhatsApp-Image-2025-02-10-at-10.27.51-1024x1024.jpeg 1024w, https:\/\/noticiasregionais.com.br\/wp-content\/uploads\/2025\/02\/WhatsApp-Image-2025-02-10-at-10.27.51-300x300.jpeg 300w, https:\/\/noticiasregionais.com.br\/wp-content\/uploads\/2025\/02\/WhatsApp-Image-2025-02-10-at-10.27.51-150x150.jpeg 150w, https:\/\/noticiasregionais.com.br\/wp-content\/uploads\/2025\/02\/WhatsApp-Image-2025-02-10-at-10.27.51-768x768.jpeg 768w, https:\/\/noticiasregionais.com.br\/wp-content\/uploads\/2025\/02\/WhatsApp-Image-2025-02-10-at-10.27.51.jpeg 1280w\" sizes=\"(max-width: 1024px) 100vw, 1024px\" \/><\/figure>\n\n\n\n<figure class=\"wp-block-image size-large\"><img decoding=\"async\" width=\"1024\" height=\"1024\" data-id=\"4347\" src=\"https:\/\/noticiasregionais.com.br\/wp-content\/uploads\/2025\/02\/Trafico-Ours-1024x1024.jpeg\" alt=\"\" class=\"wp-image-4347\" srcset=\"https:\/\/noticiasregionais.com.br\/wp-content\/uploads\/2025\/02\/Trafico-Ours-1024x1024.jpeg 1024w, https:\/\/noticiasregionais.com.br\/wp-content\/uploads\/2025\/02\/Trafico-Ours-300x300.jpeg 300w, https:\/\/noticiasregionais.com.br\/wp-content\/uploads\/2025\/02\/Trafico-Ours-150x150.jpeg 150w, https:\/\/noticiasregionais.com.br\/wp-content\/uploads\/2025\/02\/Trafico-Ours-768x768.jpeg 768w, https:\/\/noticiasregionais.com.br\/wp-content\/uploads\/2025\/02\/Trafico-Ours.jpeg 1280w\" sizes=\"(max-width: 1024px) 100vw, 1024px\" \/><\/figure>\n\n\n\n<figure class=\"wp-block-image size-large\"><img decoding=\"async\" width=\"1024\" height=\"1024\" data-id=\"4348\" src=\"https:\/\/noticiasregionais.com.br\/wp-content\/uploads\/2025\/02\/Trafico-259g-1024x1024.jpeg\" alt=\"\" class=\"wp-image-4348\" srcset=\"https:\/\/noticiasregionais.com.br\/wp-content\/uploads\/2025\/02\/Trafico-259g-1024x1024.jpeg 1024w, https:\/\/noticiasregionais.com.br\/wp-content\/uploads\/2025\/02\/Trafico-259g-300x300.jpeg 300w, https:\/\/noticiasregionais.com.br\/wp-content\/uploads\/2025\/02\/Trafico-259g-150x150.jpeg 150w, https:\/\/noticiasregionais.com.br\/wp-content\/uploads\/2025\/02\/Trafico-259g-768x768.jpeg 768w, https:\/\/noticiasregionais.com.br\/wp-content\/uploads\/2025\/02\/Trafico-259g.jpeg 1280w\" sizes=\"(max-width: 1024px) 100vw, 1024px\" \/><\/figure>\n<\/figure>\n<input type=\"hidden\" id=\"baseurl\" value=\"https:\/\/noticiasregionais.com.br\"><input type=\"hidden\" id=\"audio_nonce\" value=\"533fbb67b1\">","protected":false},"excerpt":{"rendered":"<p>Nos \u00faltimos dias, a Pol\u00edcia Militar atuou em diferentes ocorr\u00eancias na regi\u00e3o de Ourinhos, resultando na pris\u00e3o de suspeitos por&hellip;<\/p>\n","protected":false},"author":1,"featured_media":4349,"comment_status":"closed","ping_status":"open","sticky":false,"template":"","format":"standard","meta":{"sfsi_plus_gutenberg_text_before_share":"","sfsi_plus_gutenberg_show_text_before_share":"","sfsi_plus_gutenberg_icon_type":"","sfsi_plus_gutenberg_icon_alignemt":"","sfsi_plus_gutenburg_max_per_row":"","footnotes":""},"categories":[5,10,1],"tags":[],"class_list":["post-4344","post","type-post","status-publish","format-standard","has-post-thumbnail","hentry","category-ourinhos","category-destaques","category-noticias"],"_links":{"self":[{"href":"https:\/\/noticiasregionais.com.br\/index.php?rest_route=\/wp\/v2\/posts\/4344","targetHints":{"allow":["GET"]}}],"collection":[{"href":"https:\/\/noticiasregionais.com.br\/index.php?rest_route=\/wp\/v2\/posts"}],"about":[{"href":"https:\/\/noticiasregionais.com.br\/index.php?rest_route=\/wp\/v2\/types\/post"}],"author":[{"embeddable":true,"href":"https:\/\/noticiasregionais.com.br\/index.php?rest_route=\/wp\/v2\/users\/1"}],"replies":[{"embeddable":true,"href":"https:\/\/noticiasregionais.com.br\/index.php?rest_route=%2Fwp%2Fv2%2Fcomments&post=4344"}],"version-history":[{"count":1,"href":"https:\/\/noticiasregionais.com.br\/index.php?rest_route=\/wp\/v2\/posts\/4344\/revisions"}],"predecessor-version":[{"id":4350,"href":"https:\/\/noticiasregionais.com.br\/index.php?rest_route=\/wp\/v2\/posts\/4344\/revisions\/4350"}],"wp:featuredmedia":[{"embeddable":true,"href":"https:\/\/noticiasregionais.com.br\/index.php?rest_route=\/wp\/v2\/media\/4349"}],"wp:attachment":[{"href":"https:\/\/noticiasregionais.com.br\/index.php?rest_route=%2Fwp%2Fv2%2Fmedia&parent=4344"}],"wp:term":[{"taxonomy":"category","embeddable":true,"href":"https:\/\/noticiasregionais.com.br\/index.php?rest_route=%2Fwp%2Fv2%2Fcategories&post=4344"},{"taxonomy":"post_tag","embeddable":true,"href":"https:\/\/noticiasregionais.com.br\/index.php?rest_route=%2Fwp%2Fv2%2Ftags&post=4344"}],"curies":[{"name":"wp","href":"https:\/\/api.w.org\/{rel}","templated":true}]}}