{"id":435,"date":"2023-09-18T06:54:15","date_gmt":"2023-09-18T09:54:15","guid":{"rendered":"https:\/\/noticiasregionais.com.br\/?p=435"},"modified":"2023-09-18T06:54:15","modified_gmt":"2023-09-18T09:54:15","slug":"capotamento-de-onibus-deixa-1-morto-e-32-feridos-na-zona-sul-de-sao-paulo","status":"publish","type":"post","link":"https:\/\/noticiasregionais.com.br\/?p=435","title":{"rendered":"Capotamento de \u00f4nibus deixa 1 morto e 32 feridos na zona sul de S\u00e3o Paulo"},"content":{"rendered":"\n<p class=\"has-text-align-center\"><strong>O acidente ocorreu por volta das 15h na estrada do Jaceguava, em um local chamado de Curva do Maluf.<\/strong><\/p>\n\n\n\n<p>O capotamento de um \u00f4nibus fretado em Parelheiros, no extremo sul da cidade de S\u00e3o Paulo, deixou uma pessoa morta e 32 feridos, na tarde deste domingo (17).<\/p>\n\n\n\n<p>Segundo o Corpo de Bombeiros, tr\u00eas pessoas foram socorridas em estado grave &#8211;inicialmente, a informa\u00e7\u00e3o era de quatro feridos graves e 16 leves. A corpora\u00e7\u00e3o informou ter enviado 12 viaturas para o local.<\/p>\n\n\n\n<p>O resgate contou tamb\u00e9m com apoio do helic\u00f3ptero \u00c1guia, da Pol\u00edcia Militar, al\u00e9m de ambul\u00e2ncias do Samu (Servi\u00e7o de Atendimento M\u00f3vel de Urg\u00eancia).<\/p>\n\n\n\n<p>A morte de um dos ocupantes do ve\u00edculo foi confirmada pela SSP (Secretaria da Seguran\u00e7a P\u00fablica) no in\u00edcio da noite deste domingo. O perfil da v\u00edtima n\u00e3o foi informado.<\/p>\n\n\n\n<p>O acidente ocorreu por volta das 15h na estrada do Jaceguava, em um local chamado de Curva do Maluf. Conforme os bombeiros, o \u00f4nibus bateu em uma \u00e1rvore, antes de capotar.<\/p>\n\n\n\n<p>As v\u00edtimas socorridas foram levadas para a UPA (Unidade de Pronto-Atendimento) Parelheiros, para os hospitais municipais de Parelheiros e do M&#8217; Boi Mirim, para o Hospital Geral de Pedreira &#8211;todos na zona sul&#8211;, para o Hospital das Cl\u00ednicas, na zona oeste da capital, e para a UPA de Mogi Gua\u00e7u, na regi\u00e3o metropolitana.<\/p>\n\n\n\n<p>Questionada sobre o estado das pessoas socorridas, as secretarias municipal e estadual da Sa\u00fade ainda buscavam informa\u00e7\u00f5es at\u00e9 a publica\u00e7\u00e3o desta reportagem.<\/p>\n\n\n\n<p>De acordo com testemunhas que acompanharam o resgate, os passageiros do \u00f4nibus voltavam de um evento na sede da Igreja Messi\u00e2nica, no Jardim Casa Grande, pr\u00f3ximo a Parelheiros.<\/p>\n\n\n\n<p>Segundo a SPTrarns, que administra o transporte p\u00fablico municipal, uma linha de \u00f4nibus urbano teve de ser desviada, a 6L10-41 &#8211; Messi\u00e2nica-Terminal Varginha.<\/p>\n\n\n\n<p>A SSP afirma que o Instituto de Criminal\u00edstica (IC) e o Instituto M\u00e9dico Legal (IML) foram acionados. A ocorr\u00eancia ser\u00e1 apresentada no 101\u00ba Distrito Policial (Jardim Imbuais).<\/p>\n\n\n\n<p>Em outro acidente, na madrugada deste domingo, um \u00f4nibus da Via\u00e7\u00e3o \u00c1guia do Sul caiu em um v\u00e3o na rodovia SP-340, na regi\u00e3o de Campinas (SP), e causou ferimentos leves em ao menos 23 pessoas.<\/p>\n\n\n\n<h5 class=\"wp-block-heading\">fonte: Sampi \/ Folhapress<\/h5>\n<input type=\"hidden\" id=\"baseurl\" value=\"https:\/\/noticiasregionais.com.br\"><input type=\"hidden\" id=\"audio_nonce\" value=\"533fbb67b1\">","protected":false},"excerpt":{"rendered":"<p>O acidente ocorreu por volta das 15h na estrada do Jaceguava, em um local chamado de Curva do Maluf. O&hellip;<\/p>\n","protected":false},"author":1,"featured_media":436,"comment_status":"closed","ping_status":"open","sticky":false,"template":"","format":"standard","meta":{"sfsi_plus_gutenberg_text_before_share":"","sfsi_plus_gutenberg_show_text_before_share":"","sfsi_plus_gutenberg_icon_type":"","sfsi_plus_gutenberg_icon_alignemt":"","sfsi_plus_gutenburg_max_per_row":"","footnotes":""},"categories":[6,12,1],"tags":[],"class_list":["post-435","post","type-post","status-publish","format-standard","has-post-thumbnail","hentry","category-sao_paulo","category-capa","category-noticias"],"_links":{"self":[{"href":"https:\/\/noticiasregionais.com.br\/index.php?rest_route=\/wp\/v2\/posts\/435","targetHints":{"allow":["GET"]}}],"collection":[{"href":"https:\/\/noticiasregionais.com.br\/index.php?rest_route=\/wp\/v2\/posts"}],"about":[{"href":"https:\/\/noticiasregionais.com.br\/index.php?rest_route=\/wp\/v2\/types\/post"}],"author":[{"embeddable":true,"href":"https:\/\/noticiasregionais.com.br\/index.php?rest_route=\/wp\/v2\/users\/1"}],"replies":[{"embeddable":true,"href":"https:\/\/noticiasregionais.com.br\/index.php?rest_route=%2Fwp%2Fv2%2Fcomments&post=435"}],"version-history":[{"count":1,"href":"https:\/\/noticiasregionais.com.br\/index.php?rest_route=\/wp\/v2\/posts\/435\/revisions"}],"predecessor-version":[{"id":437,"href":"https:\/\/noticiasregionais.com.br\/index.php?rest_route=\/wp\/v2\/posts\/435\/revisions\/437"}],"wp:featuredmedia":[{"embeddable":true,"href":"https:\/\/noticiasregionais.com.br\/index.php?rest_route=\/wp\/v2\/media\/436"}],"wp:attachment":[{"href":"https:\/\/noticiasregionais.com.br\/index.php?rest_route=%2Fwp%2Fv2%2Fmedia&parent=435"}],"wp:term":[{"taxonomy":"category","embeddable":true,"href":"https:\/\/noticiasregionais.com.br\/index.php?rest_route=%2Fwp%2Fv2%2Fcategories&post=435"},{"taxonomy":"post_tag","embeddable":true,"href":"https:\/\/noticiasregionais.com.br\/index.php?rest_route=%2Fwp%2Fv2%2Ftags&post=435"}],"curies":[{"name":"wp","href":"https:\/\/api.w.org\/{rel}","templated":true}]}}