{"id":4351,"date":"2025-02-10T20:31:50","date_gmt":"2025-02-10T23:31:50","guid":{"rendered":"https:\/\/noticiasregionais.com.br\/?p=4351"},"modified":"2025-02-10T20:41:05","modified_gmt":"2025-02-10T23:41:05","slug":"e-falsa-a-informacao-sobre-briga-entre-prefeito-e-vice-de-ourinhos","status":"publish","type":"post","link":"https:\/\/noticiasregionais.com.br\/?p=4351","title":{"rendered":"\u00c9 falsa a informa\u00e7\u00e3o sobre briga entre prefeito e vice de Ourinhos"},"content":{"rendered":"\n<p>Uma publica\u00e7\u00e3o em uma rede social divulgou, nesta segunda-feira (10), a informa\u00e7\u00e3o de que o prefeito de Ourinhos, Guilherme Gon\u00e7alves, e o vice-prefeito, Alexandre Zoio, teriam se envolvido em um confronto corporal dentro da Prefeitura. No entanto, de acordo com a Secretaria de Comunica\u00e7\u00e3o do munic\u00edpio, essa informa\u00e7\u00e3o n\u00e3o procede.<\/p>\n\n\n\n<p>A secret\u00e1ria de Comunica\u00e7\u00e3o, Carolina Galan, esclareceu que a suposta briga nunca ocorreu e que a rela\u00e7\u00e3o entre o prefeito e o vice continua normal. Segundo ela, ambos t\u00eam compromissos conjuntos agendados para esta ter\u00e7a-feira (11), o que refor\u00e7a que n\u00e3o h\u00e1 qualquer desentendimento entre eles.<\/p>\n\n\n\n<p>A Prefeitura de Ourinhos alerta para a dissemina\u00e7\u00e3o de informa\u00e7\u00f5es falsas e refor\u00e7a a import\u00e2ncia de checar a veracidade das not\u00edcias antes de compartilh\u00e1-las.<\/p>\n<input type=\"hidden\" id=\"baseurl\" value=\"https:\/\/noticiasregionais.com.br\"><input type=\"hidden\" id=\"audio_nonce\" value=\"533fbb67b1\">","protected":false},"excerpt":{"rendered":"<p>Uma publica\u00e7\u00e3o em uma rede social divulgou, nesta segunda-feira (10), a informa\u00e7\u00e3o de que o prefeito de Ourinhos, Guilherme Gon\u00e7alves,&hellip;<\/p>\n","protected":false},"author":1,"featured_media":3951,"comment_status":"closed","ping_status":"open","sticky":false,"template":"","format":"standard","meta":{"sfsi_plus_gutenberg_text_before_share":"","sfsi_plus_gutenberg_show_text_before_share":"","sfsi_plus_gutenberg_icon_type":"","sfsi_plus_gutenberg_icon_alignemt":"","sfsi_plus_gutenburg_max_per_row":"","footnotes":""},"categories":[5,12,1],"tags":[],"class_list":["post-4351","post","type-post","status-publish","format-standard","has-post-thumbnail","hentry","category-ourinhos","category-capa","category-noticias"],"_links":{"self":[{"href":"https:\/\/noticiasregionais.com.br\/index.php?rest_route=\/wp\/v2\/posts\/4351","targetHints":{"allow":["GET"]}}],"collection":[{"href":"https:\/\/noticiasregionais.com.br\/index.php?rest_route=\/wp\/v2\/posts"}],"about":[{"href":"https:\/\/noticiasregionais.com.br\/index.php?rest_route=\/wp\/v2\/types\/post"}],"author":[{"embeddable":true,"href":"https:\/\/noticiasregionais.com.br\/index.php?rest_route=\/wp\/v2\/users\/1"}],"replies":[{"embeddable":true,"href":"https:\/\/noticiasregionais.com.br\/index.php?rest_route=%2Fwp%2Fv2%2Fcomments&post=4351"}],"version-history":[{"count":2,"href":"https:\/\/noticiasregionais.com.br\/index.php?rest_route=\/wp\/v2\/posts\/4351\/revisions"}],"predecessor-version":[{"id":4353,"href":"https:\/\/noticiasregionais.com.br\/index.php?rest_route=\/wp\/v2\/posts\/4351\/revisions\/4353"}],"wp:featuredmedia":[{"embeddable":true,"href":"https:\/\/noticiasregionais.com.br\/index.php?rest_route=\/wp\/v2\/media\/3951"}],"wp:attachment":[{"href":"https:\/\/noticiasregionais.com.br\/index.php?rest_route=%2Fwp%2Fv2%2Fmedia&parent=4351"}],"wp:term":[{"taxonomy":"category","embeddable":true,"href":"https:\/\/noticiasregionais.com.br\/index.php?rest_route=%2Fwp%2Fv2%2Fcategories&post=4351"},{"taxonomy":"post_tag","embeddable":true,"href":"https:\/\/noticiasregionais.com.br\/index.php?rest_route=%2Fwp%2Fv2%2Ftags&post=4351"}],"curies":[{"name":"wp","href":"https:\/\/api.w.org\/{rel}","templated":true}]}}