{"id":4362,"date":"2025-02-11T19:04:21","date_gmt":"2025-02-11T22:04:21","guid":{"rendered":"https:\/\/noticiasregionais.com.br\/?p=4362"},"modified":"2025-02-11T19:04:32","modified_gmt":"2025-02-11T22:04:32","slug":"sede-da-aadf-em-ourinhos-e-reinaugurada-com-a-presenca-do-prefeito-municipal-e-vice","status":"publish","type":"post","link":"https:\/\/noticiasregionais.com.br\/?p=4362","title":{"rendered":"Sede da AADF em Ourinhos \u00e9 reinaugurada com a presen\u00e7a do prefeito municipal e vice"},"content":{"rendered":"\n<p>Na manh\u00e3 desta ter\u00e7a-feira (11), a Associa\u00e7\u00e3o de Assist\u00eancia ao Deficiente F\u00edsico (AADF) celebrou seus 46 anos de atua\u00e7\u00e3o com um evento especial que tamb\u00e9m marcou a reinaugura\u00e7\u00e3o de sua sede na Vila Odilon. Representando a Prefeitura de Ourinhos, o prefeito Guilherme Gon\u00e7alves e o vice-prefeito Alexandre Zoio participaram da cerim\u00f4nia ao lado de autoridades e membros da comunidade.<\/p>\n\n\n\n<p>Durante seu discurso, Guilherme Gon\u00e7alves reafirmou o compromisso da administra\u00e7\u00e3o municipal em buscar a retomada do conv\u00eanio com a AADF, assegurando suporte para a continuidade e amplia\u00e7\u00e3o dos servi\u00e7os prestados \u00e0s pessoas com defici\u00eancia no munic\u00edpio.<\/p>\n\n\n\n<p>J\u00e1 o vice-prefeito destacou o esfor\u00e7o coletivo que possibilitou a revitaliza\u00e7\u00e3o da institui\u00e7\u00e3o. \u201cGra\u00e7as ao engajamento da sociedade, do setor empresarial, vereadores e deputados, a AADF conseguiu se fortalecer novamente. Desde o in\u00edcio, assumimos o compromisso de oferecer o suporte necess\u00e1rio para que a entidade pudesse ampliar seu atendimento\u201d, ressaltou Zoio.<\/p>\n\n\n\n<figure class=\"wp-block-gallery has-nested-images columns-5 is-cropped wp-block-gallery-1 is-layout-flex wp-block-gallery-is-layout-flex\">\n<figure class=\"wp-block-image size-large\"><a href=\"https:\/\/noticiasregionais.com.br\/wp-content\/uploads\/2025\/02\/WhatsApp-Image-2025-02-11-at-15.31.28.jpeg\"><img decoding=\"async\" width=\"768\" height=\"1024\" data-id=\"4364\" src=\"https:\/\/noticiasregionais.com.br\/wp-content\/uploads\/2025\/02\/WhatsApp-Image-2025-02-11-at-15.31.28-768x1024.jpeg\" alt=\"\" class=\"wp-image-4364\" srcset=\"https:\/\/noticiasregionais.com.br\/wp-content\/uploads\/2025\/02\/WhatsApp-Image-2025-02-11-at-15.31.28-768x1024.jpeg 768w, https:\/\/noticiasregionais.com.br\/wp-content\/uploads\/2025\/02\/WhatsApp-Image-2025-02-11-at-15.31.28-225x300.jpeg 225w, https:\/\/noticiasregionais.com.br\/wp-content\/uploads\/2025\/02\/WhatsApp-Image-2025-02-11-at-15.31.28-1152x1536.jpeg 1152w, https:\/\/noticiasregionais.com.br\/wp-content\/uploads\/2025\/02\/WhatsApp-Image-2025-02-11-at-15.31.28.jpeg 1200w\" sizes=\"(max-width: 768px) 100vw, 768px\" \/><\/a><\/figure>\n\n\n\n<figure class=\"wp-block-image size-large\"><a href=\"https:\/\/noticiasregionais.com.br\/wp-content\/uploads\/2025\/02\/WhatsApp-Image-2025-02-11-at-15.30.41.jpeg\"><img decoding=\"async\" width=\"1024\" height=\"768\" data-id=\"4363\" src=\"https:\/\/noticiasregionais.com.br\/wp-content\/uploads\/2025\/02\/WhatsApp-Image-2025-02-11-at-15.30.41-1024x768.jpeg\" alt=\"\" class=\"wp-image-4363\" srcset=\"https:\/\/noticiasregionais.com.br\/wp-content\/uploads\/2025\/02\/WhatsApp-Image-2025-02-11-at-15.30.41-1024x768.jpeg 1024w, https:\/\/noticiasregionais.com.br\/wp-content\/uploads\/2025\/02\/WhatsApp-Image-2025-02-11-at-15.30.41-300x225.jpeg 300w, https:\/\/noticiasregionais.com.br\/wp-content\/uploads\/2025\/02\/WhatsApp-Image-2025-02-11-at-15.30.41-768x576.jpeg 768w, https:\/\/noticiasregionais.com.br\/wp-content\/uploads\/2025\/02\/WhatsApp-Image-2025-02-11-at-15.30.41-1536x1152.jpeg 1536w, https:\/\/noticiasregionais.com.br\/wp-content\/uploads\/2025\/02\/WhatsApp-Image-2025-02-11-at-15.30.41.jpeg 1600w\" sizes=\"(max-width: 1024px) 100vw, 1024px\" \/><\/a><\/figure>\n\n\n\n<figure class=\"wp-block-image size-large\"><a href=\"https:\/\/noticiasregionais.com.br\/wp-content\/uploads\/2025\/02\/WhatsApp-Image-2025-02-11-at-15.29.293.jpeg\"><img decoding=\"async\" width=\"1024\" height=\"768\" data-id=\"4366\" src=\"https:\/\/noticiasregionais.com.br\/wp-content\/uploads\/2025\/02\/WhatsApp-Image-2025-02-11-at-15.29.293-1024x768.jpeg\" alt=\"\" class=\"wp-image-4366\" srcset=\"https:\/\/noticiasregionais.com.br\/wp-content\/uploads\/2025\/02\/WhatsApp-Image-2025-02-11-at-15.29.293-1024x768.jpeg 1024w, https:\/\/noticiasregionais.com.br\/wp-content\/uploads\/2025\/02\/WhatsApp-Image-2025-02-11-at-15.29.293-300x225.jpeg 300w, https:\/\/noticiasregionais.com.br\/wp-content\/uploads\/2025\/02\/WhatsApp-Image-2025-02-11-at-15.29.293-768x576.jpeg 768w, https:\/\/noticiasregionais.com.br\/wp-content\/uploads\/2025\/02\/WhatsApp-Image-2025-02-11-at-15.29.293-1536x1152.jpeg 1536w, https:\/\/noticiasregionais.com.br\/wp-content\/uploads\/2025\/02\/WhatsApp-Image-2025-02-11-at-15.29.293.jpeg 1600w\" sizes=\"(max-width: 1024px) 100vw, 1024px\" \/><\/a><\/figure>\n\n\n\n<figure class=\"wp-block-image size-large\"><a href=\"https:\/\/noticiasregionais.com.br\/wp-content\/uploads\/2025\/02\/WhatsApp-Image-2025-02-11-at-15.29.292.jpeg\"><img decoding=\"async\" width=\"1024\" height=\"768\" data-id=\"4368\" src=\"https:\/\/noticiasregionais.com.br\/wp-content\/uploads\/2025\/02\/WhatsApp-Image-2025-02-11-at-15.29.292-1024x768.jpeg\" alt=\"\" class=\"wp-image-4368\" srcset=\"https:\/\/noticiasregionais.com.br\/wp-content\/uploads\/2025\/02\/WhatsApp-Image-2025-02-11-at-15.29.292-1024x768.jpeg 1024w, https:\/\/noticiasregionais.com.br\/wp-content\/uploads\/2025\/02\/WhatsApp-Image-2025-02-11-at-15.29.292-300x225.jpeg 300w, https:\/\/noticiasregionais.com.br\/wp-content\/uploads\/2025\/02\/WhatsApp-Image-2025-02-11-at-15.29.292-768x576.jpeg 768w, https:\/\/noticiasregionais.com.br\/wp-content\/uploads\/2025\/02\/WhatsApp-Image-2025-02-11-at-15.29.292-1536x1152.jpeg 1536w, https:\/\/noticiasregionais.com.br\/wp-content\/uploads\/2025\/02\/WhatsApp-Image-2025-02-11-at-15.29.292.jpeg 1600w\" sizes=\"(max-width: 1024px) 100vw, 1024px\" \/><\/a><\/figure>\n\n\n\n<figure class=\"wp-block-image size-large\"><a href=\"https:\/\/noticiasregionais.com.br\/wp-content\/uploads\/2025\/02\/WhatsApp-Image-2025-02-11-at-15.29.291.jpeg\"><img decoding=\"async\" width=\"1024\" height=\"768\" data-id=\"4367\" src=\"https:\/\/noticiasregionais.com.br\/wp-content\/uploads\/2025\/02\/WhatsApp-Image-2025-02-11-at-15.29.291-1024x768.jpeg\" alt=\"\" class=\"wp-image-4367\" srcset=\"https:\/\/noticiasregionais.com.br\/wp-content\/uploads\/2025\/02\/WhatsApp-Image-2025-02-11-at-15.29.291-1024x768.jpeg 1024w, https:\/\/noticiasregionais.com.br\/wp-content\/uploads\/2025\/02\/WhatsApp-Image-2025-02-11-at-15.29.291-300x225.jpeg 300w, https:\/\/noticiasregionais.com.br\/wp-content\/uploads\/2025\/02\/WhatsApp-Image-2025-02-11-at-15.29.291-768x576.jpeg 768w, https:\/\/noticiasregionais.com.br\/wp-content\/uploads\/2025\/02\/WhatsApp-Image-2025-02-11-at-15.29.291-1536x1152.jpeg 1536w, https:\/\/noticiasregionais.com.br\/wp-content\/uploads\/2025\/02\/WhatsApp-Image-2025-02-11-at-15.29.291.jpeg 1600w\" sizes=\"(max-width: 1024px) 100vw, 1024px\" \/><\/a><\/figure>\n<\/figure>\n<input type=\"hidden\" id=\"baseurl\" value=\"https:\/\/noticiasregionais.com.br\"><input type=\"hidden\" id=\"audio_nonce\" value=\"62e6e21d74\">","protected":false},"excerpt":{"rendered":"<p>Na manh\u00e3 desta ter\u00e7a-feira (11), a Associa\u00e7\u00e3o de Assist\u00eancia ao Deficiente F\u00edsico (AADF) celebrou seus 46 anos de atua\u00e7\u00e3o com&hellip;<\/p>\n","protected":false},"author":1,"featured_media":4365,"comment_status":"closed","ping_status":"open","sticky":false,"template":"","format":"standard","meta":{"sfsi_plus_gutenberg_text_before_share":"","sfsi_plus_gutenberg_show_text_before_share":"","sfsi_plus_gutenberg_icon_type":"","sfsi_plus_gutenberg_icon_alignemt":"","sfsi_plus_gutenburg_max_per_row":"","footnotes":""},"categories":[5,10,1],"tags":[],"class_list":["post-4362","post","type-post","status-publish","format-standard","has-post-thumbnail","hentry","category-ourinhos","category-destaques","category-noticias"],"_links":{"self":[{"href":"https:\/\/noticiasregionais.com.br\/index.php?rest_route=\/wp\/v2\/posts\/4362","targetHints":{"allow":["GET"]}}],"collection":[{"href":"https:\/\/noticiasregionais.com.br\/index.php?rest_route=\/wp\/v2\/posts"}],"about":[{"href":"https:\/\/noticiasregionais.com.br\/index.php?rest_route=\/wp\/v2\/types\/post"}],"author":[{"embeddable":true,"href":"https:\/\/noticiasregionais.com.br\/index.php?rest_route=\/wp\/v2\/users\/1"}],"replies":[{"embeddable":true,"href":"https:\/\/noticiasregionais.com.br\/index.php?rest_route=%2Fwp%2Fv2%2Fcomments&post=4362"}],"version-history":[{"count":1,"href":"https:\/\/noticiasregionais.com.br\/index.php?rest_route=\/wp\/v2\/posts\/4362\/revisions"}],"predecessor-version":[{"id":4369,"href":"https:\/\/noticiasregionais.com.br\/index.php?rest_route=\/wp\/v2\/posts\/4362\/revisions\/4369"}],"wp:featuredmedia":[{"embeddable":true,"href":"https:\/\/noticiasregionais.com.br\/index.php?rest_route=\/wp\/v2\/media\/4365"}],"wp:attachment":[{"href":"https:\/\/noticiasregionais.com.br\/index.php?rest_route=%2Fwp%2Fv2%2Fmedia&parent=4362"}],"wp:term":[{"taxonomy":"category","embeddable":true,"href":"https:\/\/noticiasregionais.com.br\/index.php?rest_route=%2Fwp%2Fv2%2Fcategories&post=4362"},{"taxonomy":"post_tag","embeddable":true,"href":"https:\/\/noticiasregionais.com.br\/index.php?rest_route=%2Fwp%2Fv2%2Ftags&post=4362"}],"curies":[{"name":"wp","href":"https:\/\/api.w.org\/{rel}","templated":true}]}}