{"id":4370,"date":"2025-02-11T19:07:42","date_gmt":"2025-02-11T22:07:42","guid":{"rendered":"https:\/\/noticiasregionais.com.br\/?p=4370"},"modified":"2025-02-11T19:07:45","modified_gmt":"2025-02-11T22:07:45","slug":"policia-militar-e-civil-prendem-homem-por-trafico-de-drogas-em-santo-antonio-da-platina","status":"publish","type":"post","link":"https:\/\/noticiasregionais.com.br\/?p=4370","title":{"rendered":"Pol\u00edcia Militar e Civil prendem homem por tr\u00e1fico de drogas em Santo Ant\u00f4nio da Platina"},"content":{"rendered":"\n<p>Na noite desta segunda-feira (10), uma opera\u00e7\u00e3o conjunta entre a Pol\u00edcia Militar e a Pol\u00edcia Civil resultou na pris\u00e3o de um homem e na apreens\u00e3o de drogas e materiais relacionados ao tr\u00e1fico, na Vila Claro, em Santo Ant\u00f4nio da Platina\/PR.<\/p>\n\n\n\n<p>A a\u00e7\u00e3o ocorreu por volta das 23h04min, na Rua Manoel Prado, e teve como resultado a apreens\u00e3o de 6,738 kg de maconha, al\u00e9m de R$ 10,00 em dinheiro, tr\u00eas celulares, uma balan\u00e7a de precis\u00e3o, uma faca e diversos sacol\u00e9s utilizados para embalar entorpecentes.<\/p>\n\n\n\n<p>O suspeito detido foi encaminhado \u00e0 delegacia para os procedimentos cab\u00edveis. A opera\u00e7\u00e3o refor\u00e7a o compromisso das for\u00e7as de seguran\u00e7a no combate ao narcotr\u00e1fico e na manuten\u00e7\u00e3o da ordem p\u00fablica na regi\u00e3o.<\/p>\n<input type=\"hidden\" id=\"baseurl\" value=\"https:\/\/noticiasregionais.com.br\"><input type=\"hidden\" id=\"audio_nonce\" value=\"533fbb67b1\">","protected":false},"excerpt":{"rendered":"<p>Na noite desta segunda-feira (10), uma opera\u00e7\u00e3o conjunta entre a Pol\u00edcia Militar e a Pol\u00edcia Civil resultou na pris\u00e3o de&hellip;<\/p>\n","protected":false},"author":1,"featured_media":4371,"comment_status":"closed","ping_status":"open","sticky":false,"template":"","format":"standard","meta":{"sfsi_plus_gutenberg_text_before_share":"","sfsi_plus_gutenberg_show_text_before_share":"","sfsi_plus_gutenberg_icon_type":"","sfsi_plus_gutenberg_icon_alignemt":"","sfsi_plus_gutenburg_max_per_row":"","footnotes":""},"categories":[7,10,1],"tags":[],"class_list":["post-4370","post","type-post","status-publish","format-standard","has-post-thumbnail","hentry","category-parana","category-destaques","category-noticias"],"_links":{"self":[{"href":"https:\/\/noticiasregionais.com.br\/index.php?rest_route=\/wp\/v2\/posts\/4370","targetHints":{"allow":["GET"]}}],"collection":[{"href":"https:\/\/noticiasregionais.com.br\/index.php?rest_route=\/wp\/v2\/posts"}],"about":[{"href":"https:\/\/noticiasregionais.com.br\/index.php?rest_route=\/wp\/v2\/types\/post"}],"author":[{"embeddable":true,"href":"https:\/\/noticiasregionais.com.br\/index.php?rest_route=\/wp\/v2\/users\/1"}],"replies":[{"embeddable":true,"href":"https:\/\/noticiasregionais.com.br\/index.php?rest_route=%2Fwp%2Fv2%2Fcomments&post=4370"}],"version-history":[{"count":1,"href":"https:\/\/noticiasregionais.com.br\/index.php?rest_route=\/wp\/v2\/posts\/4370\/revisions"}],"predecessor-version":[{"id":4372,"href":"https:\/\/noticiasregionais.com.br\/index.php?rest_route=\/wp\/v2\/posts\/4370\/revisions\/4372"}],"wp:featuredmedia":[{"embeddable":true,"href":"https:\/\/noticiasregionais.com.br\/index.php?rest_route=\/wp\/v2\/media\/4371"}],"wp:attachment":[{"href":"https:\/\/noticiasregionais.com.br\/index.php?rest_route=%2Fwp%2Fv2%2Fmedia&parent=4370"}],"wp:term":[{"taxonomy":"category","embeddable":true,"href":"https:\/\/noticiasregionais.com.br\/index.php?rest_route=%2Fwp%2Fv2%2Fcategories&post=4370"},{"taxonomy":"post_tag","embeddable":true,"href":"https:\/\/noticiasregionais.com.br\/index.php?rest_route=%2Fwp%2Fv2%2Ftags&post=4370"}],"curies":[{"name":"wp","href":"https:\/\/api.w.org\/{rel}","templated":true}]}}