{"id":4373,"date":"2025-02-12T07:32:47","date_gmt":"2025-02-12T10:32:47","guid":{"rendered":"https:\/\/noticiasregionais.com.br\/?p=4373"},"modified":"2025-02-12T07:32:49","modified_gmt":"2025-02-12T10:32:49","slug":"policiamento-rodoviario-prende-condutor-por-porte-ilegal-de-armas-e-municoes-em-assis-sp","status":"publish","type":"post","link":"https:\/\/noticiasregionais.com.br\/?p=4373","title":{"rendered":"Policiamento rodovi\u00e1rio prende condutor por porte ilegal de armas e muni\u00e7\u00f5es em Assis\/SP"},"content":{"rendered":"\n<p>Na madrugada desta ter\u00e7a-feira (12), por volta da 1h30, policiais militares rodovi\u00e1rios realizaram uma abordagem que resultou na pris\u00e3o de um homem por porte ilegal de armas e muni\u00e7\u00f5es na Rodovia Raposo Tavares, no quil\u00f4metro 435, em Assis\/SP. A a\u00e7\u00e3o ocorreu durante a Opera\u00e7\u00e3o Impacto, que visa o refor\u00e7o na seguran\u00e7a das rodovias estaduais.<\/p>\n\n\n\n<p>O condutor, que dirigia um ve\u00edculo GM\/Onix, foi parado para fiscaliza\u00e7\u00e3o. Durante a abordagem, ele apresentou informa\u00e7\u00f5es desconexas e demonstrou nervosismo exacerbado, o que levantou suspeitas por parte dos policiais. Diante da situa\u00e7\u00e3o, foi realizada uma vistoria no ve\u00edculo, resultando na localiza\u00e7\u00e3o de um arsenal no porta-malas.<\/p>\n\n\n\n<p>Foram encontradas duas pistolas calibre 9mm, da marca Taurus, ambas com carregadores municiados, al\u00e9m de uma grande quantidade de muni\u00e7\u00f5es de diversos calibres. No total, foram apreendidas 1.833 muni\u00e7\u00f5es distribu\u00eddas da seguinte forma:<\/p>\n\n\n\n<ul class=\"wp-block-list\">\n<li>29 unidades de calibre 9mm;<\/li>\n\n\n\n<li>170 unidades de calibre .45;<\/li>\n\n\n\n<li>795 unidades de calibre .357;<\/li>\n\n\n\n<li>119 unidades de calibre .38;<\/li>\n\n\n\n<li>320 unidades de calibre .40;<\/li>\n\n\n\n<li>400 unidades de calibre 12.<\/li>\n<\/ul>\n\n\n\n<p>Todo o material apreendido estava sem a devida documenta\u00e7\u00e3o legal, caracterizando crime de porte ilegal de armas e muni\u00e7\u00f5es.<\/p>\n\n\n\n<p>A ocorr\u00eancia foi encaminhada \u00e0 Central de Pol\u00edcia Judici\u00e1ria de Assis\/SP, onde as armas, os carregadores e as muni\u00e7\u00f5es foram apreendidos. O indiciado teve fian\u00e7a estipulada no valor de dez sal\u00e1rios m\u00ednimos, que n\u00e3o foi paga, resultando na sua pris\u00e3o. Ele permanecer\u00e1 \u00e0 disposi\u00e7\u00e3o da Justi\u00e7a.<\/p>\n\n\n\n<p>As autoridades seguem investigando a origem e o destino do armamento apreendido.<\/p>\n<input type=\"hidden\" id=\"baseurl\" value=\"https:\/\/noticiasregionais.com.br\"><input type=\"hidden\" id=\"audio_nonce\" value=\"62e6e21d74\">","protected":false},"excerpt":{"rendered":"<p>Na madrugada desta ter\u00e7a-feira (12), por volta da 1h30, policiais militares rodovi\u00e1rios realizaram uma abordagem que resultou na pris\u00e3o de&hellip;<\/p>\n","protected":false},"author":1,"featured_media":4374,"comment_status":"closed","ping_status":"open","sticky":false,"template":"","format":"standard","meta":{"sfsi_plus_gutenberg_text_before_share":"","sfsi_plus_gutenberg_show_text_before_share":"","sfsi_plus_gutenberg_icon_type":"","sfsi_plus_gutenberg_icon_alignemt":"","sfsi_plus_gutenburg_max_per_row":"","footnotes":""},"categories":[6,10,1],"tags":[],"class_list":["post-4373","post","type-post","status-publish","format-standard","has-post-thumbnail","hentry","category-sao_paulo","category-destaques","category-noticias"],"_links":{"self":[{"href":"https:\/\/noticiasregionais.com.br\/index.php?rest_route=\/wp\/v2\/posts\/4373","targetHints":{"allow":["GET"]}}],"collection":[{"href":"https:\/\/noticiasregionais.com.br\/index.php?rest_route=\/wp\/v2\/posts"}],"about":[{"href":"https:\/\/noticiasregionais.com.br\/index.php?rest_route=\/wp\/v2\/types\/post"}],"author":[{"embeddable":true,"href":"https:\/\/noticiasregionais.com.br\/index.php?rest_route=\/wp\/v2\/users\/1"}],"replies":[{"embeddable":true,"href":"https:\/\/noticiasregionais.com.br\/index.php?rest_route=%2Fwp%2Fv2%2Fcomments&post=4373"}],"version-history":[{"count":1,"href":"https:\/\/noticiasregionais.com.br\/index.php?rest_route=\/wp\/v2\/posts\/4373\/revisions"}],"predecessor-version":[{"id":4375,"href":"https:\/\/noticiasregionais.com.br\/index.php?rest_route=\/wp\/v2\/posts\/4373\/revisions\/4375"}],"wp:featuredmedia":[{"embeddable":true,"href":"https:\/\/noticiasregionais.com.br\/index.php?rest_route=\/wp\/v2\/media\/4374"}],"wp:attachment":[{"href":"https:\/\/noticiasregionais.com.br\/index.php?rest_route=%2Fwp%2Fv2%2Fmedia&parent=4373"}],"wp:term":[{"taxonomy":"category","embeddable":true,"href":"https:\/\/noticiasregionais.com.br\/index.php?rest_route=%2Fwp%2Fv2%2Fcategories&post=4373"},{"taxonomy":"post_tag","embeddable":true,"href":"https:\/\/noticiasregionais.com.br\/index.php?rest_route=%2Fwp%2Fv2%2Ftags&post=4373"}],"curies":[{"name":"wp","href":"https:\/\/api.w.org\/{rel}","templated":true}]}}