{"id":4376,"date":"2025-02-12T21:51:54","date_gmt":"2025-02-13T00:51:54","guid":{"rendered":"https:\/\/noticiasregionais.com.br\/?p=4376"},"modified":"2025-02-12T21:52:06","modified_gmt":"2025-02-13T00:52:06","slug":"vice-prefeito-alexandre-zoio-participa-de-encontro-com-juiz-federal-na-camara-municipal-de-ourinhos","status":"publish","type":"post","link":"https:\/\/noticiasregionais.com.br\/?p=4376","title":{"rendered":"Vice-prefeito Alexandre Z\u00f3io participa de encontro com juiz federal na C\u00e2mara Municipal de Ourinhos"},"content":{"rendered":"\n<p>Na manh\u00e3 desta ter\u00e7a-feira (11), o vice-prefeito de Ourinhos, Alexandre Z\u00f3io, esteve presente em uma reuni\u00e3o institucional com o juiz federal Mauro Spalding, realizada na C\u00e2mara Municipal. O encontro teve como prop\u00f3sito fortalecer o di\u00e1logo entre os poderes Executivo, Legislativo e Judici\u00e1rio, promovendo maior colabora\u00e7\u00e3o entre as institui\u00e7\u00f5es.<\/p>\n\n\n\n<p>Durante a reuni\u00e3o, que tamb\u00e9m contou com a participa\u00e7\u00e3o de alguns vereadores, o magistrado se apresentou e ressaltou o papel da Justi\u00e7a Federal na cidade e em toda a regi\u00e3o. Foram discutidas as principais demandas e desafios enfrentados pelo Judici\u00e1rio, com destaque para a atua\u00e7\u00e3o em quest\u00f5es relacionadas aos direitos fundamentais da popula\u00e7\u00e3o.<\/p>\n\n\n\n<p>Alexandre Z\u00f3io enfatizou a import\u00e2ncia dessa aproxima\u00e7\u00e3o entre os poderes para o avan\u00e7o do munic\u00edpio. &#8220;O trabalho conjunto e o respeito \u00e0 autonomia de cada institui\u00e7\u00e3o s\u00e3o fundamentais para a cria\u00e7\u00e3o de pol\u00edticas p\u00fablicas eficientes e para o fortalecimento da democracia&#8221;, afirmou o vice-prefeito.<\/p>\n\n\n\n<p>Al\u00e9m disso, o encontro possibilitou a troca de ideias sobre estrat\u00e9gias para aprimorar a oferta de servi\u00e7os p\u00fablicos e impulsionar o desenvolvimento social e econ\u00f4mico da cidade. A presen\u00e7a do Judici\u00e1rio em momentos como esse contribui para a transpar\u00eancia e a seguran\u00e7a jur\u00eddica, beneficiando toda a comunidade.<\/p>\n<input type=\"hidden\" id=\"baseurl\" value=\"https:\/\/noticiasregionais.com.br\"><input type=\"hidden\" id=\"audio_nonce\" value=\"62e6e21d74\">","protected":false},"excerpt":{"rendered":"<p>Na manh\u00e3 desta ter\u00e7a-feira (11), o vice-prefeito de Ourinhos, Alexandre Z\u00f3io, esteve presente em uma reuni\u00e3o institucional com o juiz&hellip;<\/p>\n","protected":false},"author":1,"featured_media":4377,"comment_status":"closed","ping_status":"open","sticky":false,"template":"","format":"standard","meta":{"sfsi_plus_gutenberg_text_before_share":"","sfsi_plus_gutenberg_show_text_before_share":"","sfsi_plus_gutenberg_icon_type":"","sfsi_plus_gutenberg_icon_alignemt":"","sfsi_plus_gutenburg_max_per_row":"","footnotes":""},"categories":[5,12,1],"tags":[],"class_list":["post-4376","post","type-post","status-publish","format-standard","has-post-thumbnail","hentry","category-ourinhos","category-capa","category-noticias"],"_links":{"self":[{"href":"https:\/\/noticiasregionais.com.br\/index.php?rest_route=\/wp\/v2\/posts\/4376","targetHints":{"allow":["GET"]}}],"collection":[{"href":"https:\/\/noticiasregionais.com.br\/index.php?rest_route=\/wp\/v2\/posts"}],"about":[{"href":"https:\/\/noticiasregionais.com.br\/index.php?rest_route=\/wp\/v2\/types\/post"}],"author":[{"embeddable":true,"href":"https:\/\/noticiasregionais.com.br\/index.php?rest_route=\/wp\/v2\/users\/1"}],"replies":[{"embeddable":true,"href":"https:\/\/noticiasregionais.com.br\/index.php?rest_route=%2Fwp%2Fv2%2Fcomments&post=4376"}],"version-history":[{"count":1,"href":"https:\/\/noticiasregionais.com.br\/index.php?rest_route=\/wp\/v2\/posts\/4376\/revisions"}],"predecessor-version":[{"id":4378,"href":"https:\/\/noticiasregionais.com.br\/index.php?rest_route=\/wp\/v2\/posts\/4376\/revisions\/4378"}],"wp:featuredmedia":[{"embeddable":true,"href":"https:\/\/noticiasregionais.com.br\/index.php?rest_route=\/wp\/v2\/media\/4377"}],"wp:attachment":[{"href":"https:\/\/noticiasregionais.com.br\/index.php?rest_route=%2Fwp%2Fv2%2Fmedia&parent=4376"}],"wp:term":[{"taxonomy":"category","embeddable":true,"href":"https:\/\/noticiasregionais.com.br\/index.php?rest_route=%2Fwp%2Fv2%2Fcategories&post=4376"},{"taxonomy":"post_tag","embeddable":true,"href":"https:\/\/noticiasregionais.com.br\/index.php?rest_route=%2Fwp%2Fv2%2Ftags&post=4376"}],"curies":[{"name":"wp","href":"https:\/\/api.w.org\/{rel}","templated":true}]}}