{"id":4379,"date":"2025-02-12T22:02:26","date_gmt":"2025-02-13T01:02:26","guid":{"rendered":"https:\/\/noticiasregionais.com.br\/?p=4379"},"modified":"2025-02-19T08:16:05","modified_gmt":"2025-02-19T11:16:05","slug":"prf-apreende-quase-duas-toneladas-de-maconha-e-armamento-na-regiao","status":"publish","type":"post","link":"https:\/\/noticiasregionais.com.br\/?p=4379","title":{"rendered":"PRF apreende quase duas toneladas de maconha e armamento na regi\u00e3o"},"content":{"rendered":"\n<p>Na manh\u00e3 desta ter\u00e7a-feira (11), a Pol\u00edcia Rodovi\u00e1ria Federal (PRF) interceptou uma grande quantidade de drogas e armamentos durante uma abordagem na BR-153, em Lins\/SP. A a\u00e7\u00e3o ocorreu durante uma fiscaliza\u00e7\u00e3o de rotina no ped\u00e1gio localizado no km 184 da rodovia, ap\u00f3s uma carreta ser selecionada para vistoria com base em an\u00e1lise de risco da intelig\u00eancia policial.<\/p>\n\n\n\n<p>Ao ser parado, o motorista apresentou informa\u00e7\u00f5es contradit\u00f3rias sobre o trajeto e a carga transportada. Inicialmente, afirmou que o compartimento estava vazio, mas demonstrou nervosismo e resist\u00eancia \u00e0 inspe\u00e7\u00e3o. Com a insist\u00eancia dos agentes, a carroceria foi aberta, revelando diversas caixas contendo entorpecentes. Ap\u00f3s ser questionado, o condutor confessou que transportava maconha e cigarros de origem il\u00edcita.<\/p>\n\n\n\n<p>A vistoria detalhada revelou um total de 1.887,08 kg de maconha, divididos em 2.940 pacotes. Al\u00e9m disso, os policiais encontraram armamento e muni\u00e7\u00f5es de uso restrito, incluindo:<\/p>\n\n\n\n<ul class=\"wp-block-list\">\n<li>Uma pistola calibre .44 (Israel Weapon Industries &#8211; IWI)<\/li>\n\n\n\n<li>Um rev\u00f3lver calibre .357 (Taurus)<\/li>\n\n\n\n<li>42 muni\u00e7\u00f5es calibre 5.56<\/li>\n\n\n\n<li>26 muni\u00e7\u00f5es calibre .357<\/li>\n\n\n\n<li>4 muni\u00e7\u00f5es calibre .44<\/li>\n\n\n\n<li>1 muni\u00e7\u00e3o calibre .45<\/li>\n<\/ul>\n\n\n\n<p>Durante o interrogat\u00f3rio, o motorista relatou que foi abordado em um posto de combust\u00edveis em Londrina\/PR, onde recebeu uma proposta de R$ 20.000,00 para transportar a carga at\u00e9 Araguari\/MG. O passageiro, por sua vez, alegou desconhecer o conte\u00fado il\u00edcito da carga, embora n\u00e3o tenha demonstrado surpresa ao ser abordado.<\/p>\n\n\n\n<p>Diante da situa\u00e7\u00e3o, ambos foram presos em flagrante por tr\u00e1fico de drogas, associa\u00e7\u00e3o para o tr\u00e1fico e porte ilegal de arma de fogo de uso restrito. Os suspeitos, juntamente com os materiais apreendidos, foram encaminhados para a Central de Pol\u00edcia Judici\u00e1ria (CPJ) de Lins\/SP, onde permanecer\u00e3o \u00e0 disposi\u00e7\u00e3o da Justi\u00e7a.<\/p>\n<input type=\"hidden\" id=\"baseurl\" value=\"https:\/\/noticiasregionais.com.br\"><input type=\"hidden\" id=\"audio_nonce\" value=\"533fbb67b1\">","protected":false},"excerpt":{"rendered":"<p>Na manh\u00e3 desta ter\u00e7a-feira (11), a Pol\u00edcia Rodovi\u00e1ria Federal (PRF) interceptou uma grande quantidade de drogas e armamentos durante uma&hellip;<\/p>\n","protected":false},"author":1,"featured_media":4380,"comment_status":"closed","ping_status":"open","sticky":false,"template":"","format":"standard","meta":{"sfsi_plus_gutenberg_text_before_share":"","sfsi_plus_gutenberg_show_text_before_share":"","sfsi_plus_gutenberg_icon_type":"","sfsi_plus_gutenberg_icon_alignemt":"","sfsi_plus_gutenburg_max_per_row":"","footnotes":""},"categories":[6,10,1],"tags":[20],"class_list":["post-4379","post","type-post","status-publish","format-standard","has-post-thumbnail","hentry","category-sao_paulo","category-destaques","category-noticias","tag-lins"],"_links":{"self":[{"href":"https:\/\/noticiasregionais.com.br\/index.php?rest_route=\/wp\/v2\/posts\/4379","targetHints":{"allow":["GET"]}}],"collection":[{"href":"https:\/\/noticiasregionais.com.br\/index.php?rest_route=\/wp\/v2\/posts"}],"about":[{"href":"https:\/\/noticiasregionais.com.br\/index.php?rest_route=\/wp\/v2\/types\/post"}],"author":[{"embeddable":true,"href":"https:\/\/noticiasregionais.com.br\/index.php?rest_route=\/wp\/v2\/users\/1"}],"replies":[{"embeddable":true,"href":"https:\/\/noticiasregionais.com.br\/index.php?rest_route=%2Fwp%2Fv2%2Fcomments&post=4379"}],"version-history":[{"count":1,"href":"https:\/\/noticiasregionais.com.br\/index.php?rest_route=\/wp\/v2\/posts\/4379\/revisions"}],"predecessor-version":[{"id":4381,"href":"https:\/\/noticiasregionais.com.br\/index.php?rest_route=\/wp\/v2\/posts\/4379\/revisions\/4381"}],"wp:featuredmedia":[{"embeddable":true,"href":"https:\/\/noticiasregionais.com.br\/index.php?rest_route=\/wp\/v2\/media\/4380"}],"wp:attachment":[{"href":"https:\/\/noticiasregionais.com.br\/index.php?rest_route=%2Fwp%2Fv2%2Fmedia&parent=4379"}],"wp:term":[{"taxonomy":"category","embeddable":true,"href":"https:\/\/noticiasregionais.com.br\/index.php?rest_route=%2Fwp%2Fv2%2Fcategories&post=4379"},{"taxonomy":"post_tag","embeddable":true,"href":"https:\/\/noticiasregionais.com.br\/index.php?rest_route=%2Fwp%2Fv2%2Ftags&post=4379"}],"curies":[{"name":"wp","href":"https:\/\/api.w.org\/{rel}","templated":true}]}}