{"id":438,"date":"2023-09-19T07:13:37","date_gmt":"2023-09-19T10:13:37","guid":{"rendered":"https:\/\/noticiasregionais.com.br\/?p=438"},"modified":"2023-09-19T07:13:37","modified_gmt":"2023-09-19T10:13:37","slug":"inadimplencia-entre-produtores-rurais-e-de-28-segundo-levantamento-da-serasa-experian","status":"publish","type":"post","link":"https:\/\/noticiasregionais.com.br\/?p=438","title":{"rendered":"Inadimpl\u00eancia entre produtores rurais \u00e9 de 28%, segundo levantamento da Serasa Experian"},"content":{"rendered":"\n<p>Um levantamento realizado pela Serasa Experian mostrou que, em julho deste ano, 28% dos produtores rurais do Brasil estavam inadimplentes. A pesquisa levou em conta as 27 unidades federativas. O head de agroneg\u00f3cio da Serasa Experian, Marcelo Pimenta ressalta que a inadimpl\u00eancia no agroneg\u00f3cio \u00e9 menor do que a da popula\u00e7\u00e3o urbana. \u201c\u00c9 necess\u00e1rio dizer que comparado \u00e0 popula\u00e7\u00e3o urbana a inadimpl\u00eancia no agro \u00e9 menor, hoje \u00e9 de 28%, enquanto na popula\u00e7\u00e3o urbana, por exemplo, \u00e9 de quase 44%\u201d, relatou.<\/p>\n\n\n\n<p>O economista Newton Marques aponta algumas das poss\u00edveis causas da inadimpl\u00eancia do setor. \u201cAs principais causas podem ser os pre\u00e7os dos produtos que eles estavam plantando, produzindo ou criando, animais, que n\u00e3o teve o resultado esperado. Ent\u00e3o, com isso, deixou de pagar. Bem como tamb\u00e9m pode ter acontecido um problema clim\u00e1tico. E isso da\u00ed acaba tamb\u00e9m causando problemas para a receita desses produtores. Ent\u00e3o, eles passam a ser inadimplentes\u201d, elucidou.<\/p>\n\n\n\n<p>O levantamento do Serasa Experian ainda traz uma curiosidade: quanto mais jovem o produtor rural, mais alta a possibilidade de ele estar inadimplente. Entre os produtores com idade entre 18 e 25 anos, a taxa de inadimpl\u00eancia \u00e9 de 47,2%, esse n\u00famero vai diminuindo no decorrer das faixa-et\u00e1rias e entre os que t\u00eam mais de 60 anos o n\u00famero cai para 23,2%.&nbsp;<\/p>\n\n\n\n<figure class=\"wp-block-image\"><img decoding=\"async\" src=\"\/\/s3-sa-east-1.amazonaws.com\/agencia-radio-arb\/5540\/content_inadimplencia_do_produtor1.png\" alt=\"\"\/><\/figure>\n\n\n\n<h2 class=\"wp-block-heading\"><br>Sul tem menor n\u00edvel de inadimpl\u00eancia rural<\/h2>\n\n\n\n<p>Observando os dados por regi\u00e3o do pa\u00eds, o Sul apresentou o menor n\u00edvel de inadimpl\u00eancia, com apenas 15% dos trabalhadores negativados. Na sequ\u00eancia estava o Sudeste, com 24,6%; o Centro-Oeste, com 30,4%, e o Nordeste, com 33,8%. A regi\u00e3o com maior n\u00edvel de trabalhadores rurais no vermelho \u00e9 o Norte, com 40,1%.<\/p>\n\n\n\n<p>A an\u00e1lise por Unidades Federativas mostrou que o Amap\u00e1 apresenta o maior percentual de produtores rurais inadimplentes, com 53,4%;&nbsp;e Santa Catarina o menor, com 13,3%.<\/p>\n\n\n\n<figure class=\"wp-block-image\"><img decoding=\"async\" src=\"\/\/s3-sa-east-1.amazonaws.com\/agencia-radio-arb\/5541\/content_inadimplencia_do_produtor.png\" alt=\"\"\/><\/figure>\n\n\n\n<p>Para evitar situa\u00e7\u00f5es de inadimpl\u00eancia, o <em>head <\/em>de agroneg\u00f3cio da Serasa Experian, Marcelo Pimenta, conta que s\u00e3o recomendadas duas estrat\u00e9gias: planejamento financeiro e seguro rural. \u201cA gente recomenda dois tipos de abordagem: um \u00e9 tentar sempre ter o seguro rural, porque isso evita com que ele tenha problemas financeiros em caso de um problema clim\u00e1tico, por exemplo, afete a produtividade da produ\u00e7\u00e3o deles como um todo. E o segundo ponto \u00e9 um planejamento financeiro melhor. Ent\u00e3o tem v\u00e1rias ferramentas hoje de acesso \u00e0 educa\u00e7\u00e3o financeira que ajudam a fazer esse planejamento. Ent\u00e3o \u00e9 uma combina\u00e7\u00e3o de planejamento e de seguro para evitar essa inadimpl\u00eancia\u201d, refor\u00e7ou.<\/p>\n\n\n\n<p>Para produzir os dados foram analisados cerca de 10 milh\u00f5es de perfis de pessoas f\u00edsicas que possuem financiamentos da modalidade rural e agroindustrial no Cadastro Positivo, donos de propriedades rurais com Cadastro Ambiental Rural ou Cadastro Federal de Im\u00f3veis Rurais, distribu\u00eddos em todos os estados e no Distrito Federal.<\/p>\n\n\n\n<p>Fonte: <a href=\"https:\/\/brasil61.com\/n\/inadimplencia-entre-produtores-rurais-e-de-28-segundo-levantamento-da-serasa-experian-bras239572\" target=\"_blank\" rel=\"noreferrer noopener\">Brasil 61<\/a><\/p>\n<input type=\"hidden\" id=\"baseurl\" value=\"https:\/\/noticiasregionais.com.br\"><input type=\"hidden\" id=\"audio_nonce\" value=\"533fbb67b1\">","protected":false},"excerpt":{"rendered":"<p>Um levantamento realizado pela Serasa Experian mostrou que, em julho deste ano, 28% dos produtores rurais do Brasil estavam inadimplentes.&hellip;<\/p>\n","protected":false},"author":1,"featured_media":439,"comment_status":"closed","ping_status":"open","sticky":false,"template":"","format":"standard","meta":{"sfsi_plus_gutenberg_text_before_share":"","sfsi_plus_gutenberg_show_text_before_share":"","sfsi_plus_gutenberg_icon_type":"","sfsi_plus_gutenberg_icon_alignemt":"","sfsi_plus_gutenburg_max_per_row":"","footnotes":""},"categories":[8,10,1],"tags":[],"class_list":["post-438","post","type-post","status-publish","format-standard","has-post-thumbnail","hentry","category-brasil","category-destaques","category-noticias"],"_links":{"self":[{"href":"https:\/\/noticiasregionais.com.br\/index.php?rest_route=\/wp\/v2\/posts\/438","targetHints":{"allow":["GET"]}}],"collection":[{"href":"https:\/\/noticiasregionais.com.br\/index.php?rest_route=\/wp\/v2\/posts"}],"about":[{"href":"https:\/\/noticiasregionais.com.br\/index.php?rest_route=\/wp\/v2\/types\/post"}],"author":[{"embeddable":true,"href":"https:\/\/noticiasregionais.com.br\/index.php?rest_route=\/wp\/v2\/users\/1"}],"replies":[{"embeddable":true,"href":"https:\/\/noticiasregionais.com.br\/index.php?rest_route=%2Fwp%2Fv2%2Fcomments&post=438"}],"version-history":[{"count":1,"href":"https:\/\/noticiasregionais.com.br\/index.php?rest_route=\/wp\/v2\/posts\/438\/revisions"}],"predecessor-version":[{"id":440,"href":"https:\/\/noticiasregionais.com.br\/index.php?rest_route=\/wp\/v2\/posts\/438\/revisions\/440"}],"wp:featuredmedia":[{"embeddable":true,"href":"https:\/\/noticiasregionais.com.br\/index.php?rest_route=\/wp\/v2\/media\/439"}],"wp:attachment":[{"href":"https:\/\/noticiasregionais.com.br\/index.php?rest_route=%2Fwp%2Fv2%2Fmedia&parent=438"}],"wp:term":[{"taxonomy":"category","embeddable":true,"href":"https:\/\/noticiasregionais.com.br\/index.php?rest_route=%2Fwp%2Fv2%2Fcategories&post=438"},{"taxonomy":"post_tag","embeddable":true,"href":"https:\/\/noticiasregionais.com.br\/index.php?rest_route=%2Fwp%2Fv2%2Ftags&post=438"}],"curies":[{"name":"wp","href":"https:\/\/api.w.org\/{rel}","templated":true}]}}