{"id":4404,"date":"2025-02-17T08:01:29","date_gmt":"2025-02-17T11:01:29","guid":{"rendered":"https:\/\/noticiasregionais.com.br\/?p=4404"},"modified":"2025-02-17T08:11:44","modified_gmt":"2025-02-17T11:11:44","slug":"deputado-luiz-carlos-motta-recebe-homenagem-da-santa-casa-de-ourinhos","status":"publish","type":"post","link":"https:\/\/noticiasregionais.com.br\/?p=4404","title":{"rendered":"Deputado Luiz Carlos Motta recebe homenagens e anuncia novos recursos para Ourinhos"},"content":{"rendered":"\n<p>Nesta sexta-feira (14), o Deputado Federal Luiz Carlos Motta esteve em Ourinhos para uma s\u00e9rie de compromissos, reafirmando seu compromisso com o munic\u00edpio e sendo homenageado por seu trabalho em prol da comunidade.<\/p>\n\n\n\n<p>Pela manh\u00e3, o vice-prefeito Alexandre Zoio recebeu o parlamentar no Gabinete, destacando sua atua\u00e7\u00e3o em benef\u00edcio da cidade. A reuni\u00e3o contou com a presen\u00e7a dos secret\u00e1rios municipais da Sa\u00fade (Diego Singolani), Planejamento (Jo\u00e3o Carlos Bilar Junior), Esportes (Latinha), Obras (Maicon Cabral), do secret\u00e1rio adjunto de Gabinete (Higor Bruzarosco) e dos vereadores Borj\u00e3o e Celinho.<\/p>\n\n\n\n<p>Na parte da tarde, a Santa Casa de Ourinhos prestou uma homenagem ao deputado, concedendo-lhe a placa de &#8220;Deputado Amigo da Santa Casa&#8221;. O reconhecimento se deve ao apoio cont\u00ednuo de Motta \u00e0 institui\u00e7\u00e3o, incluindo a destina\u00e7\u00e3o de R$ 4,2 milh\u00f5es em 2024, recursos aplicados em despesas essenciais e na realiza\u00e7\u00e3o de cirurgias eletivas.<\/p>\n\n\n\n<p>Durante a solenidade, pacientes beneficiados pelos investimentos relataram sua gratid\u00e3o. O evento tamb\u00e9m contou com a participa\u00e7\u00e3o do presidente da C\u00e2mara Municipal de Ourinhos, C\u00edcero Investigador, do vereador Borj\u00e3o e do Secret\u00e1rio Municipal de Sa\u00fade, Diego Singolani.<\/p>\n\n\n\n<p>Ao receber a homenagem, Luiz Carlos Motta destacou a import\u00e2ncia da destina\u00e7\u00e3o de recursos para a sa\u00fade. &#8220;Nosso mandato tem como prioridade atender \u00e0s principais demandas da popula\u00e7\u00e3o, e a destina\u00e7\u00e3o de recursos para a sa\u00fade \u00e9 fundamental. Continuaremos trabalhando para garantir novos investimentos e melhorias para Ourinhos&#8221;, afirmou.<\/p>\n\n\n\n<p>Celso Zanuto, presidente da Santa Casa, agradeceu ao parlamentar pelo apoio constante. &#8220;O suporte dos deputados \u00e9 essencial para mantermos um atendimento de qualidade. Agradecemos ao deputado Luiz Carlos Motta por sempre estar atento \u00e0s necessidades do hospital e por contribuir para o bem-estar da nossa comunidade.&#8221;<\/p>\n\n\n\n<p>Al\u00e9m das homenagens, o deputado anunciou novos investimentos para entidades do munic\u00edpio. Durante uma reuni\u00e3o com lideran\u00e7as pol\u00edticas e representantes de institui\u00e7\u00f5es sociais, organizada pelo presidente do Sincomerci\u00e1rios Ourinhos, Aparecido Bruzarosco, foram confirmadas duas novas emendas parlamentares. O Lar Santa Tereza receber\u00e1 R$ 150 mil para ampliar seu atendimento aos idosos, enquanto a AADF contar\u00e1 com o mesmo valor para a aquisi\u00e7\u00e3o de um ve\u00edculo que potencializar\u00e1 sua capacidade de atendimento.<\/p>\n\n\n\n<p>O encontro reuniu diversas autoridades e assessores do deputado, como Jos\u00e9 Roberto Nunes (Safera) e Marcinho Domingos, al\u00e9m do presidente do Sincomerci\u00e1rios Aparecido de Jesus Bruzarosco.<\/p>\n\n\n\n<p>Com essas iniciativas, Luiz Carlos Motta refor\u00e7a seu compromisso com Ourinhos, garantindo recursos essenciais para a sa\u00fade e o bem-estar da popula\u00e7\u00e3o.<\/p>\n\n\n<div class=\"wp-block-image\">\n<figure class=\"aligncenter size-large\"><img decoding=\"async\" width=\"1024\" height=\"644\" src=\"https:\/\/noticiasregionais.com.br\/wp-content\/uploads\/2025\/02\/WhatsApp-Image-2025-02-14-at-18.10.54-1024x644.jpeg\" alt=\"\" class=\"wp-image-4408\" srcset=\"https:\/\/noticiasregionais.com.br\/wp-content\/uploads\/2025\/02\/WhatsApp-Image-2025-02-14-at-18.10.54-1024x644.jpeg 1024w, https:\/\/noticiasregionais.com.br\/wp-content\/uploads\/2025\/02\/WhatsApp-Image-2025-02-14-at-18.10.54-300x189.jpeg 300w, https:\/\/noticiasregionais.com.br\/wp-content\/uploads\/2025\/02\/WhatsApp-Image-2025-02-14-at-18.10.54-768x483.jpeg 768w, https:\/\/noticiasregionais.com.br\/wp-content\/uploads\/2025\/02\/WhatsApp-Image-2025-02-14-at-18.10.54-1536x966.jpeg 1536w, https:\/\/noticiasregionais.com.br\/wp-content\/uploads\/2025\/02\/WhatsApp-Image-2025-02-14-at-18.10.54.jpeg 1600w\" sizes=\"(max-width: 1024px) 100vw, 1024px\" \/><\/figure>\n<\/div><input type=\"hidden\" id=\"baseurl\" value=\"https:\/\/noticiasregionais.com.br\"><input type=\"hidden\" id=\"audio_nonce\" value=\"533fbb67b1\">","protected":false},"excerpt":{"rendered":"<p>Nesta sexta-feira (14), o Deputado Federal Luiz Carlos Motta esteve em Ourinhos para uma s\u00e9rie de compromissos, reafirmando seu compromisso&hellip;<\/p>\n","protected":false},"author":1,"featured_media":4405,"comment_status":"closed","ping_status":"open","sticky":false,"template":"","format":"standard","meta":{"sfsi_plus_gutenberg_text_before_share":"","sfsi_plus_gutenberg_show_text_before_share":"","sfsi_plus_gutenberg_icon_type":"","sfsi_plus_gutenberg_icon_alignemt":"","sfsi_plus_gutenburg_max_per_row":"","footnotes":""},"categories":[5,10,1],"tags":[],"class_list":["post-4404","post","type-post","status-publish","format-standard","has-post-thumbnail","hentry","category-ourinhos","category-destaques","category-noticias"],"_links":{"self":[{"href":"https:\/\/noticiasregionais.com.br\/index.php?rest_route=\/wp\/v2\/posts\/4404","targetHints":{"allow":["GET"]}}],"collection":[{"href":"https:\/\/noticiasregionais.com.br\/index.php?rest_route=\/wp\/v2\/posts"}],"about":[{"href":"https:\/\/noticiasregionais.com.br\/index.php?rest_route=\/wp\/v2\/types\/post"}],"author":[{"embeddable":true,"href":"https:\/\/noticiasregionais.com.br\/index.php?rest_route=\/wp\/v2\/users\/1"}],"replies":[{"embeddable":true,"href":"https:\/\/noticiasregionais.com.br\/index.php?rest_route=%2Fwp%2Fv2%2Fcomments&post=4404"}],"version-history":[{"count":2,"href":"https:\/\/noticiasregionais.com.br\/index.php?rest_route=\/wp\/v2\/posts\/4404\/revisions"}],"predecessor-version":[{"id":4409,"href":"https:\/\/noticiasregionais.com.br\/index.php?rest_route=\/wp\/v2\/posts\/4404\/revisions\/4409"}],"wp:featuredmedia":[{"embeddable":true,"href":"https:\/\/noticiasregionais.com.br\/index.php?rest_route=\/wp\/v2\/media\/4405"}],"wp:attachment":[{"href":"https:\/\/noticiasregionais.com.br\/index.php?rest_route=%2Fwp%2Fv2%2Fmedia&parent=4404"}],"wp:term":[{"taxonomy":"category","embeddable":true,"href":"https:\/\/noticiasregionais.com.br\/index.php?rest_route=%2Fwp%2Fv2%2Fcategories&post=4404"},{"taxonomy":"post_tag","embeddable":true,"href":"https:\/\/noticiasregionais.com.br\/index.php?rest_route=%2Fwp%2Fv2%2Ftags&post=4404"}],"curies":[{"name":"wp","href":"https:\/\/api.w.org\/{rel}","templated":true}]}}