{"id":441,"date":"2023-09-19T07:20:29","date_gmt":"2023-09-19T10:20:29","guid":{"rendered":"https:\/\/noticiasregionais.com.br\/?p=441"},"modified":"2023-09-19T07:20:30","modified_gmt":"2023-09-19T10:20:30","slug":"duas-pessoas-morrem-em-queda-de-aeronave-no-parana","status":"publish","type":"post","link":"https:\/\/noticiasregionais.com.br\/?p=441","title":{"rendered":"Duas pessoas morrem em queda de aeronave no Paran\u00e1"},"content":{"rendered":"\n<p>Uma aeronave que estava desaparecida desde Domingo foi encontrada nesta segunda-feira (18), no munic\u00edpio de Doutor Ulysses, na regi\u00e3o metropolitana de Curitiba. Dois tripulantes morreram, segundo o Corpo de Bombeiros.<\/p>\n\n\n\n<p>A ocorr\u00eancia do desaparecimento foi registrada na noite do domingo (17). Os Bombeiros foram acionados ap\u00f3s o monomotor n\u00e3o chegar ao destino.<\/p>\n\n\n\n<p>Um morador da regi\u00e3o relatou que tinha visto uma aeronave voando baixo, seguido de um barulho forte. O 2\u00ba Grupamento de Bombeiros de Ponta Grossa iniciou as buscas ainda no domingo.<\/p>\n\n\n\n<p>O monomotor foi localizado em uma \u00e1rea de ribanceira, com a ajuda de um morador. Segundo os Bombeiros, n\u00e3o havia sinais de explos\u00e3o.<\/p>\n\n\n\n<p>Os dois tripulantes foram encontrados sem vida. Por enquanto, apenas um deles foi identificado, \u00e9 um homem de 69 anos.<\/p>\n\n\n\n<p>Os corpos das v\u00edtimas devem ser enviados para o Instituto M\u00e9dico Legal.<\/p>\n\n\n\n<p>A FAB (For\u00e7a A\u00e9rea Brasileira) informou que o Centro de Investiga\u00e7\u00e3o e Preven\u00e7\u00e3o de Acidentes Aeron\u00e1uticos (Cenipa) foi acionado e vai investigar o caso. &#8220;A conclus\u00e3o das investiga\u00e7\u00f5es ter\u00e1 o menor prazo poss\u00edvel, dependendo sempre da complexidade de cada ocorr\u00eancia e, ainda, da necessidade de descobrir os poss\u00edveis fatores contribuintes&#8221;, diz trecho de nota enviada \u00e0 reportagem.<\/p>\n\n\n\n<p><sub>fonte: Sampi \/ Folhapress<\/sub><\/p>\n<input type=\"hidden\" id=\"baseurl\" value=\"https:\/\/noticiasregionais.com.br\"><input type=\"hidden\" id=\"audio_nonce\" value=\"533fbb67b1\">","protected":false},"excerpt":{"rendered":"<p>Uma aeronave que estava desaparecida desde Domingo foi encontrada nesta segunda-feira (18), no munic\u00edpio de Doutor Ulysses, na regi\u00e3o metropolitana&hellip;<\/p>\n","protected":false},"author":1,"featured_media":442,"comment_status":"closed","ping_status":"open","sticky":false,"template":"","format":"standard","meta":{"sfsi_plus_gutenberg_text_before_share":"","sfsi_plus_gutenberg_show_text_before_share":"","sfsi_plus_gutenberg_icon_type":"","sfsi_plus_gutenberg_icon_alignemt":"","sfsi_plus_gutenburg_max_per_row":"","footnotes":""},"categories":[7,12,1],"tags":[],"class_list":["post-441","post","type-post","status-publish","format-standard","has-post-thumbnail","hentry","category-parana","category-capa","category-noticias"],"_links":{"self":[{"href":"https:\/\/noticiasregionais.com.br\/index.php?rest_route=\/wp\/v2\/posts\/441","targetHints":{"allow":["GET"]}}],"collection":[{"href":"https:\/\/noticiasregionais.com.br\/index.php?rest_route=\/wp\/v2\/posts"}],"about":[{"href":"https:\/\/noticiasregionais.com.br\/index.php?rest_route=\/wp\/v2\/types\/post"}],"author":[{"embeddable":true,"href":"https:\/\/noticiasregionais.com.br\/index.php?rest_route=\/wp\/v2\/users\/1"}],"replies":[{"embeddable":true,"href":"https:\/\/noticiasregionais.com.br\/index.php?rest_route=%2Fwp%2Fv2%2Fcomments&post=441"}],"version-history":[{"count":1,"href":"https:\/\/noticiasregionais.com.br\/index.php?rest_route=\/wp\/v2\/posts\/441\/revisions"}],"predecessor-version":[{"id":443,"href":"https:\/\/noticiasregionais.com.br\/index.php?rest_route=\/wp\/v2\/posts\/441\/revisions\/443"}],"wp:featuredmedia":[{"embeddable":true,"href":"https:\/\/noticiasregionais.com.br\/index.php?rest_route=\/wp\/v2\/media\/442"}],"wp:attachment":[{"href":"https:\/\/noticiasregionais.com.br\/index.php?rest_route=%2Fwp%2Fv2%2Fmedia&parent=441"}],"wp:term":[{"taxonomy":"category","embeddable":true,"href":"https:\/\/noticiasregionais.com.br\/index.php?rest_route=%2Fwp%2Fv2%2Fcategories&post=441"},{"taxonomy":"post_tag","embeddable":true,"href":"https:\/\/noticiasregionais.com.br\/index.php?rest_route=%2Fwp%2Fv2%2Ftags&post=441"}],"curies":[{"name":"wp","href":"https:\/\/api.w.org\/{rel}","templated":true}]}}