{"id":4410,"date":"2025-02-17T08:16:12","date_gmt":"2025-02-17T11:16:12","guid":{"rendered":"https:\/\/noticiasregionais.com.br\/?p=4410"},"modified":"2025-02-17T08:16:24","modified_gmt":"2025-02-17T11:16:24","slug":"ourinhos-adota-ecobarreira-para-reduzir-poluicao-no-corrego-das-furnas","status":"publish","type":"post","link":"https:\/\/noticiasregionais.com.br\/?p=4410","title":{"rendered":"Ourinhos adota ecobarreira para reduzir polui\u00e7\u00e3o no C\u00f3rrego das Furnas"},"content":{"rendered":"\n<p>A cidade de Ourinhos deu um passo importante na preserva\u00e7\u00e3o ambiental com a instala\u00e7\u00e3o da primeira ecobarreira no C\u00f3rrego das Furnas. A iniciativa, liderada pela administra\u00e7\u00e3o municipal sob comando do prefeito Guilherme Gon\u00e7alves, tem como objetivo evitar que res\u00edduos descartados incorretamente sejam levados pela \u00e1gua da chuva at\u00e9 os rios e c\u00f3rregos da regi\u00e3o.<\/p>\n\n\n\n<p><strong>Vantagens da Ecobarreira<\/strong><\/p>\n\n\n\n<p>A implanta\u00e7\u00e3o desse sistema traz diversos benef\u00edcios para o meio ambiente, como:<\/p>\n\n\n\n<ul class=\"wp-block-list\">\n<li>Diminui\u00e7\u00e3o da polui\u00e7\u00e3o nos cursos d&#8217;\u00e1gua;<\/li>\n\n\n\n<li>Monitoramento dos res\u00edduos acumulados para melhor gest\u00e3o dos descartes;<\/li>\n\n\n\n<li>Prote\u00e7\u00e3o dos recursos h\u00eddricos locais;<\/li>\n\n\n\n<li>Sensibiliza\u00e7\u00e3o da popula\u00e7\u00e3o sobre pr\u00e1ticas sustent\u00e1veis.<\/li>\n<\/ul>\n\n\n\n<p><strong>Funcionamento da Ecobarreira<\/strong><\/p>\n\n\n\n<p>O sistema \u00e9 composto por m\u00f3dulos flutuantes que capturam o lixo carregado pelas enxurradas. Esses res\u00edduos s\u00e3o ent\u00e3o retidos por uma estrutura semelhante a uma grade, o que facilita sua remo\u00e7\u00e3o de maneira eficiente e organizada. A manuten\u00e7\u00e3o ser\u00e1 realizada de acordo com a demanda, por servidores respons\u00e1veis pela limpeza e conserva\u00e7\u00e3o do Parque Olavo Ferreira de S\u00e1, onde o projeto foi implementado.<\/p>\n\n\n\n<p>A Secretaria de Meio Ambiente e Agricultura foi respons\u00e1vel pela instala\u00e7\u00e3o, utilizando materiais reciclados e doa\u00e7\u00f5es, garantindo que a iniciativa n\u00e3o gerasse custos aos cofres p\u00fablicos.<\/p>\n\n\n\n<p>Essa a\u00e7\u00e3o representa um avan\u00e7o significativo na gest\u00e3o ambiental do munic\u00edpio e pode servir de refer\u00eancia para outras cidades interessadas em solu\u00e7\u00f5es inovadoras para a preserva\u00e7\u00e3o de seus recursos naturais.<\/p>\n<input type=\"hidden\" id=\"baseurl\" value=\"https:\/\/noticiasregionais.com.br\"><input type=\"hidden\" id=\"audio_nonce\" value=\"3cdc555a10\">","protected":false},"excerpt":{"rendered":"<p>A cidade de Ourinhos deu um passo importante na preserva\u00e7\u00e3o ambiental com a instala\u00e7\u00e3o da primeira ecobarreira no C\u00f3rrego das&hellip;<\/p>\n","protected":false},"author":1,"featured_media":4411,"comment_status":"closed","ping_status":"open","sticky":false,"template":"","format":"standard","meta":{"sfsi_plus_gutenberg_text_before_share":"","sfsi_plus_gutenberg_show_text_before_share":"","sfsi_plus_gutenberg_icon_type":"","sfsi_plus_gutenberg_icon_alignemt":"","sfsi_plus_gutenburg_max_per_row":"","footnotes":""},"categories":[5,12,1],"tags":[],"class_list":["post-4410","post","type-post","status-publish","format-standard","has-post-thumbnail","hentry","category-ourinhos","category-capa","category-noticias"],"_links":{"self":[{"href":"https:\/\/noticiasregionais.com.br\/index.php?rest_route=\/wp\/v2\/posts\/4410","targetHints":{"allow":["GET"]}}],"collection":[{"href":"https:\/\/noticiasregionais.com.br\/index.php?rest_route=\/wp\/v2\/posts"}],"about":[{"href":"https:\/\/noticiasregionais.com.br\/index.php?rest_route=\/wp\/v2\/types\/post"}],"author":[{"embeddable":true,"href":"https:\/\/noticiasregionais.com.br\/index.php?rest_route=\/wp\/v2\/users\/1"}],"replies":[{"embeddable":true,"href":"https:\/\/noticiasregionais.com.br\/index.php?rest_route=%2Fwp%2Fv2%2Fcomments&post=4410"}],"version-history":[{"count":1,"href":"https:\/\/noticiasregionais.com.br\/index.php?rest_route=\/wp\/v2\/posts\/4410\/revisions"}],"predecessor-version":[{"id":4412,"href":"https:\/\/noticiasregionais.com.br\/index.php?rest_route=\/wp\/v2\/posts\/4410\/revisions\/4412"}],"wp:featuredmedia":[{"embeddable":true,"href":"https:\/\/noticiasregionais.com.br\/index.php?rest_route=\/wp\/v2\/media\/4411"}],"wp:attachment":[{"href":"https:\/\/noticiasregionais.com.br\/index.php?rest_route=%2Fwp%2Fv2%2Fmedia&parent=4410"}],"wp:term":[{"taxonomy":"category","embeddable":true,"href":"https:\/\/noticiasregionais.com.br\/index.php?rest_route=%2Fwp%2Fv2%2Fcategories&post=4410"},{"taxonomy":"post_tag","embeddable":true,"href":"https:\/\/noticiasregionais.com.br\/index.php?rest_route=%2Fwp%2Fv2%2Ftags&post=4410"}],"curies":[{"name":"wp","href":"https:\/\/api.w.org\/{rel}","templated":true}]}}