{"id":4413,"date":"2025-02-17T08:26:56","date_gmt":"2025-02-17T11:26:56","guid":{"rendered":"https:\/\/noticiasregionais.com.br\/?p=4413"},"modified":"2025-02-17T08:27:09","modified_gmt":"2025-02-17T11:27:09","slug":"gcm-de-ourinhos-realiza-visita-tecnica-em-botucatu-para-aprimoramento-da-seguranca-municipal","status":"publish","type":"post","link":"https:\/\/noticiasregionais.com.br\/?p=4413","title":{"rendered":"GCM de Ourinhos realiza visita t\u00e9cnica em Botucatu para aprimoramento da seguran\u00e7a municipal"},"content":{"rendered":"\n<p>Buscando fortalecer suas estrat\u00e9gias de seguran\u00e7a, a Guarda Civil Municipal (GCM) de Ourinhos realizou, na \u00faltima quarta-feira (12), uma visita t\u00e9cnica \u00e0 cidade de Botucatu. A iniciativa teve como principal objetivo a troca de experi\u00eancias entre as corpora\u00e7\u00f5es, promovendo o aprimoramento operacional e administrativo da GCM Ourinhense.<\/p>\n\n\n\n<p>A comitiva foi liderada pelo Secret\u00e1rio Municipal de Seguran\u00e7a P\u00fablica de Ourinhos, Coronel Ledo, e pelo Comandante da GCM, Tenente Monfort. Durante o encontro, os agentes conheceram de perto as pr\u00e1ticas adotadas em Botucatu, incluindo o Programa de Patrulha Escolar, representado pelos GCMs 3\u00aa Classe Abner e Pinhatari.<\/p>\n\n\n\n<p>O evento contou com a presen\u00e7a do Secret\u00e1rio Municipal de Seguran\u00e7a P\u00fablica de Botucatu, Laudo Gomes da Silva (Sargento Laudo), do Comandante da GCM local, Pimentel, e do Subcomandante Rezende. Durante a reuni\u00e3o, foram apresentados projetos como a &#8220;Patrulha da Paz&#8221;, implementada nas escolas, e o programa &#8220;Maria da Penha&#8221;, al\u00e9m de outras a\u00e7\u00f5es voltadas para a seguran\u00e7a da comunidade.<\/p>\n\n\n\n<p>Diversos temas foram discutidos, incluindo o aprimoramento t\u00e9cnico e operacional dos guardas municipais, bem como aspectos administrativos das for\u00e7as de seguran\u00e7a municipais.<\/p>\n\n\n\n<p>Al\u00e9m da troca de informa\u00e7\u00f5es, a equipe de Ourinhos visitou o Centro de Opera\u00e7\u00f5es e Informa\u00e7\u00f5es de Botucatu, coordenado pelo Inspetor Prado. O espa\u00e7o desempenha fun\u00e7\u00f5es essenciais como o monitoramento por c\u00e2meras, o cadastro de infratores, o suporte de intelig\u00eancia, o atendimento ao n\u00famero 153 e a gest\u00e3o de ocorr\u00eancias.<\/p>\n\n\n\n<p>O Secret\u00e1rio de Seguran\u00e7a de Ourinhos, Coronel Ledo, destacou a import\u00e2ncia da iniciativa para a qualifica\u00e7\u00e3o da corpora\u00e7\u00e3o: &#8220;Essa visita t\u00e9cnica fortalece as a\u00e7\u00f5es da nossa Guarda Civil Municipal. A troca de conhecimentos entre as corpora\u00e7\u00f5es beneficia diretamente a popula\u00e7\u00e3o, proporcionando uma seguran\u00e7a mais eficiente e estruturada.&#8221;<\/p>\n\n\n\n<p>A experi\u00eancia adquirida em Botucatu contribuir\u00e1 para a implementa\u00e7\u00e3o de novas pr\u00e1ticas e aprimoramento dos servi\u00e7os prestados pela GCM de Ourinhos, garantindo mais seguran\u00e7a para os cidad\u00e3os.<\/p>\n\n\n<div class=\"wp-block-image\">\n<figure class=\"aligncenter size-large\"><img decoding=\"async\" width=\"1024\" height=\"768\" src=\"https:\/\/noticiasregionais.com.br\/wp-content\/uploads\/2025\/02\/WhatsApp-Image-2025-02-14-at-11.23.181-1024x768.jpeg\" alt=\"\" class=\"wp-image-4414\" srcset=\"https:\/\/noticiasregionais.com.br\/wp-content\/uploads\/2025\/02\/WhatsApp-Image-2025-02-14-at-11.23.181-1024x768.jpeg 1024w, https:\/\/noticiasregionais.com.br\/wp-content\/uploads\/2025\/02\/WhatsApp-Image-2025-02-14-at-11.23.181-300x225.jpeg 300w, https:\/\/noticiasregionais.com.br\/wp-content\/uploads\/2025\/02\/WhatsApp-Image-2025-02-14-at-11.23.181-768x576.jpeg 768w, https:\/\/noticiasregionais.com.br\/wp-content\/uploads\/2025\/02\/WhatsApp-Image-2025-02-14-at-11.23.181-1536x1152.jpeg 1536w, https:\/\/noticiasregionais.com.br\/wp-content\/uploads\/2025\/02\/WhatsApp-Image-2025-02-14-at-11.23.181.jpeg 1600w\" sizes=\"(max-width: 1024px) 100vw, 1024px\" \/><\/figure>\n<\/div><input type=\"hidden\" id=\"baseurl\" value=\"https:\/\/noticiasregionais.com.br\"><input type=\"hidden\" id=\"audio_nonce\" value=\"533fbb67b1\">","protected":false},"excerpt":{"rendered":"<p>Buscando fortalecer suas estrat\u00e9gias de seguran\u00e7a, a Guarda Civil Municipal (GCM) de Ourinhos realizou, na \u00faltima quarta-feira (12), uma visita&hellip;<\/p>\n","protected":false},"author":1,"featured_media":4415,"comment_status":"closed","ping_status":"open","sticky":false,"template":"","format":"standard","meta":{"sfsi_plus_gutenberg_text_before_share":"","sfsi_plus_gutenberg_show_text_before_share":"","sfsi_plus_gutenberg_icon_type":"","sfsi_plus_gutenberg_icon_alignemt":"","sfsi_plus_gutenburg_max_per_row":"","footnotes":""},"categories":[5,10,1],"tags":[],"class_list":["post-4413","post","type-post","status-publish","format-standard","has-post-thumbnail","hentry","category-ourinhos","category-destaques","category-noticias"],"_links":{"self":[{"href":"https:\/\/noticiasregionais.com.br\/index.php?rest_route=\/wp\/v2\/posts\/4413","targetHints":{"allow":["GET"]}}],"collection":[{"href":"https:\/\/noticiasregionais.com.br\/index.php?rest_route=\/wp\/v2\/posts"}],"about":[{"href":"https:\/\/noticiasregionais.com.br\/index.php?rest_route=\/wp\/v2\/types\/post"}],"author":[{"embeddable":true,"href":"https:\/\/noticiasregionais.com.br\/index.php?rest_route=\/wp\/v2\/users\/1"}],"replies":[{"embeddable":true,"href":"https:\/\/noticiasregionais.com.br\/index.php?rest_route=%2Fwp%2Fv2%2Fcomments&post=4413"}],"version-history":[{"count":1,"href":"https:\/\/noticiasregionais.com.br\/index.php?rest_route=\/wp\/v2\/posts\/4413\/revisions"}],"predecessor-version":[{"id":4416,"href":"https:\/\/noticiasregionais.com.br\/index.php?rest_route=\/wp\/v2\/posts\/4413\/revisions\/4416"}],"wp:featuredmedia":[{"embeddable":true,"href":"https:\/\/noticiasregionais.com.br\/index.php?rest_route=\/wp\/v2\/media\/4415"}],"wp:attachment":[{"href":"https:\/\/noticiasregionais.com.br\/index.php?rest_route=%2Fwp%2Fv2%2Fmedia&parent=4413"}],"wp:term":[{"taxonomy":"category","embeddable":true,"href":"https:\/\/noticiasregionais.com.br\/index.php?rest_route=%2Fwp%2Fv2%2Fcategories&post=4413"},{"taxonomy":"post_tag","embeddable":true,"href":"https:\/\/noticiasregionais.com.br\/index.php?rest_route=%2Fwp%2Fv2%2Ftags&post=4413"}],"curies":[{"name":"wp","href":"https:\/\/api.w.org\/{rel}","templated":true}]}}