{"id":4417,"date":"2025-02-17T08:54:03","date_gmt":"2025-02-17T11:54:03","guid":{"rendered":"https:\/\/noticiasregionais.com.br\/?p=4417"},"modified":"2025-02-17T08:54:05","modified_gmt":"2025-02-17T11:54:05","slug":"sessao-da-camara-discute-varios-temas-dentre-eles-os-gastos-da-gestao-pocay-com-viagens-em-8-anos","status":"publish","type":"post","link":"https:\/\/noticiasregionais.com.br\/?p=4417","title":{"rendered":"Sess\u00e3o da C\u00e2mara discute v\u00e1rios temas, dentre eles, os gastos da gest\u00e3o &#8220;Pocay&#8221; com viagens em 8 anos"},"content":{"rendered":"\n<p>A sess\u00e3o da C\u00e2mara Municipal de Ourinhos, que ser\u00e1 realizada hoje \u00e0 noite, tem como destaque a discuss\u00e3o de diversos requerimentos e indica\u00e7\u00f5es apresentados pelos vereadores. A pauta inclui temas variados, como infraestrutura, sa\u00fade, seguran\u00e7a e meio ambiente, al\u00e9m de projetos de lei e emendas importantes.<\/p>\n\n\n\n<h3 class=\"wp-block-heading\">Requerimentos: Pedidos de Informa\u00e7\u00e3o e Provid\u00eancias<\/h3>\n\n\n\n<p>Os requerimentos, em sua maioria, solicitam informa\u00e7\u00f5es sobre a possibilidade de realizar obras e melhorias em diversos pontos da cidade, como escolas, bairros e vias p\u00fablicas. H\u00e1 tamb\u00e9m requerimentos que pedem informa\u00e7\u00f5es sobre gastos da administra\u00e7\u00e3o municipal e sobre programas sociais.<\/p>\n\n\n\n<h3 class=\"wp-block-heading\">Indica\u00e7\u00f5es: Sugest\u00f5es de Melhorias<\/h3>\n\n\n\n<p>As indica\u00e7\u00f5es, por sua vez, sugerem a realiza\u00e7\u00e3o de servi\u00e7os e melhorias em diversas \u00e1reas da cidade, como sinaliza\u00e7\u00e3o de tr\u00e2nsito, recapeamento asf\u00e1ltico, ilumina\u00e7\u00e3o p\u00fablica e cobertura em pontos de \u00f4nibus.<\/p>\n\n\n\n<h3 class=\"wp-block-heading\">Destaques na Pauta<\/h3>\n\n\n\n<ul class=\"wp-block-list\">\n<li><strong>Projetos de Lei e Emendas:<\/strong> A sess\u00e3o da C\u00e2mara Municipal de Ourinhos tamb\u00e9m deve discutir e votar projetos de lei e emendas importantes para o munic\u00edpio. Entre eles, destacam-se:\n<ul class=\"wp-block-list\">\n<li>Projeto de Lei Complementar n\u00ba 4\/2025, do Prefeito Guilherme Andrew Gon\u00e7alves da Silva, que disp\u00f5e sobre a altera\u00e7\u00e3o da Lei n\u00ba 863, de 01 de dezembro de 1967, que institui o C\u00f3digo de Posturas, Costumes e Bem Estar do Munic\u00edpio de Ourinhos e d\u00e1 outras provid\u00eancias.<\/li>\n\n\n\n<li>Proposta de Emenda \u00e0 Lei Org\u00e2nica n\u00ba 1\/2025, de todos os Vereadores, que altera a reda\u00e7\u00e3o do Art. 270-A da Lei Org\u00e2nica do Munic\u00edpio.<br><\/li>\n<\/ul>\n<\/li>\n\n\n\n<li><strong>Pedido de Informa\u00e7\u00e3o sobre Gastos do Executivo:<\/strong> O Requerimento n\u00ba 232\/2025, dos Vereadores Wesley Carlos da Silva, Jo\u00e3o Vitor Gon\u00e7alves da Silva e Edvaldo L\u00facio Abel, solicita informa\u00e7\u00f5es sobre os gastos de despesas de viagens do Prefeito, Vice-Prefeito, Secret\u00e1rios Municipais, Secret\u00e1rios Adjuntos e cargos comissionados nos \u00faltimos 8 anos, de janeiro de 2017 a dezembro de 2024. Este requerimento \u00e9 de grande import\u00e2ncia para a transpar\u00eancia da gest\u00e3o p\u00fablica e para o controle dos gastos do dinheiro p\u00fablico.<\/li>\n<\/ul>\n\n\n\n<h3 class=\"wp-block-heading\">Acompanhamento da Sess\u00e3o<\/h3>\n\n\n\n<p>A sess\u00e3o da C\u00e2mara Municipal de Ourinhos \u00e9 aberta ao p\u00fablico e pode ser acompanhada presencialmente ou por meio da transmiss\u00e3o online. A participa\u00e7\u00e3o da popula\u00e7\u00e3o \u00e9 importante para que os vereadores possam conhecer as demandas da comunidade e trabalhar em prol de melhorias para a cidade.<\/p>\n<input type=\"hidden\" id=\"baseurl\" value=\"https:\/\/noticiasregionais.com.br\"><input type=\"hidden\" id=\"audio_nonce\" value=\"533fbb67b1\">","protected":false},"excerpt":{"rendered":"<p>A sess\u00e3o da C\u00e2mara Municipal de Ourinhos, que ser\u00e1 realizada hoje \u00e0 noite, tem como destaque a discuss\u00e3o de diversos&hellip;<\/p>\n","protected":false},"author":1,"featured_media":2603,"comment_status":"closed","ping_status":"open","sticky":false,"template":"","format":"standard","meta":{"sfsi_plus_gutenberg_text_before_share":"","sfsi_plus_gutenberg_show_text_before_share":"","sfsi_plus_gutenberg_icon_type":"","sfsi_plus_gutenberg_icon_alignemt":"","sfsi_plus_gutenburg_max_per_row":"","footnotes":""},"categories":[5,10,1],"tags":[],"class_list":["post-4417","post","type-post","status-publish","format-standard","has-post-thumbnail","hentry","category-ourinhos","category-destaques","category-noticias"],"_links":{"self":[{"href":"https:\/\/noticiasregionais.com.br\/index.php?rest_route=\/wp\/v2\/posts\/4417","targetHints":{"allow":["GET"]}}],"collection":[{"href":"https:\/\/noticiasregionais.com.br\/index.php?rest_route=\/wp\/v2\/posts"}],"about":[{"href":"https:\/\/noticiasregionais.com.br\/index.php?rest_route=\/wp\/v2\/types\/post"}],"author":[{"embeddable":true,"href":"https:\/\/noticiasregionais.com.br\/index.php?rest_route=\/wp\/v2\/users\/1"}],"replies":[{"embeddable":true,"href":"https:\/\/noticiasregionais.com.br\/index.php?rest_route=%2Fwp%2Fv2%2Fcomments&post=4417"}],"version-history":[{"count":1,"href":"https:\/\/noticiasregionais.com.br\/index.php?rest_route=\/wp\/v2\/posts\/4417\/revisions"}],"predecessor-version":[{"id":4418,"href":"https:\/\/noticiasregionais.com.br\/index.php?rest_route=\/wp\/v2\/posts\/4417\/revisions\/4418"}],"wp:featuredmedia":[{"embeddable":true,"href":"https:\/\/noticiasregionais.com.br\/index.php?rest_route=\/wp\/v2\/media\/2603"}],"wp:attachment":[{"href":"https:\/\/noticiasregionais.com.br\/index.php?rest_route=%2Fwp%2Fv2%2Fmedia&parent=4417"}],"wp:term":[{"taxonomy":"category","embeddable":true,"href":"https:\/\/noticiasregionais.com.br\/index.php?rest_route=%2Fwp%2Fv2%2Fcategories&post=4417"},{"taxonomy":"post_tag","embeddable":true,"href":"https:\/\/noticiasregionais.com.br\/index.php?rest_route=%2Fwp%2Fv2%2Ftags&post=4417"}],"curies":[{"name":"wp","href":"https:\/\/api.w.org\/{rel}","templated":true}]}}