{"id":4420,"date":"2025-02-17T11:14:20","date_gmt":"2025-02-17T14:14:20","guid":{"rendered":"https:\/\/noticiasregionais.com.br\/?p=4420"},"modified":"2025-02-19T08:15:03","modified_gmt":"2025-02-19T11:15:03","slug":"grave-acidente-na-br-153-em-jacarezinho-deixa-uma-vitima-fatal-e-tres-feridos","status":"publish","type":"post","link":"https:\/\/noticiasregionais.com.br\/?p=4420","title":{"rendered":"Grave acidente na BR-153 em Jacarezinho deixa uma v\u00edtima fatal e tr\u00eas feridos"},"content":{"rendered":"\n<p>Na madrugada deste domingo (16), por volta das 2h30, um grave acidente foi registrado no km 21,9 da BR-153, em Jacarezinho, Paran\u00e1. A colis\u00e3o frontal envolveu dois ve\u00edculos, um Chevrolet Corsa e um Ford Fiesta, ambos com placas de Jacarezinho.<\/p>\n\n\n\n<p>De acordo com as informa\u00e7\u00f5es apuradas, o Chevrolet Corsa seguia no sentido crescente da via quando invadiu a contram\u00e3o e colidiu de frente com o Ford Fiesta, que trafegava no sentido contr\u00e1rio.<\/p>\n\n\n\n<p>O impacto da batida foi violento. O condutor do Corsa foi socorrido em estado grave e encaminhado ao pronto-socorro de Jacarezinho. A passageira que estava com ele foi ejetada do ve\u00edculo no momento da colis\u00e3o e infelizmente n\u00e3o resistiu aos ferimentos, vindo a \u00f3bito no local.<\/p>\n\n\n\n<p>O motorista e a passageira do Ford Fiesta tamb\u00e9m sofreram ferimentos e foram socorridos pelo Corpo de Bombeiros, sendo levados ao pronto-socorro para atendimento m\u00e9dico.<\/p>\n\n\n\n<p>A Pol\u00edcia Cient\u00edfica e o Instituto M\u00e9dico Legal (IML) foram acionados para realizar a per\u00edcia e remo\u00e7\u00e3o do corpo. A concession\u00e1ria EPR prestou apoio na sinaliza\u00e7\u00e3o e controle do tr\u00e2nsito, que ficou interditado nos dois sentidos at\u00e9 a conclus\u00e3o dos trabalhos periciais e a libera\u00e7\u00e3o da pista.<\/p>\n\n\n\n<p>As causas exatas do acidente ainda est\u00e3o sendo investigadas, mas a invas\u00e3o de pista pelo Corsa \u00e9 apontada como fator determinante para a colis\u00e3o. Autoridades refor\u00e7am a import\u00e2ncia da aten\u00e7\u00e3o redobrada nas rodovias, principalmente durante a madrugada, para evitar trag\u00e9dias como essa.<\/p>\n\n\n\n<figure class=\"wp-block-gallery has-nested-images columns-default is-cropped wp-block-gallery-1 is-layout-flex wp-block-gallery-is-layout-flex\">\n<figure class=\"wp-block-image size-large\"><img decoding=\"async\" width=\"1024\" height=\"768\" data-id=\"4422\" src=\"https:\/\/noticiasregionais.com.br\/wp-content\/uploads\/2025\/02\/WhatsApp-Image-2025-02-16-at-11.57.04-1024x768.jpeg\" alt=\"\" class=\"wp-image-4422\" srcset=\"https:\/\/noticiasregionais.com.br\/wp-content\/uploads\/2025\/02\/WhatsApp-Image-2025-02-16-at-11.57.04-1024x768.jpeg 1024w, https:\/\/noticiasregionais.com.br\/wp-content\/uploads\/2025\/02\/WhatsApp-Image-2025-02-16-at-11.57.04-300x225.jpeg 300w, https:\/\/noticiasregionais.com.br\/wp-content\/uploads\/2025\/02\/WhatsApp-Image-2025-02-16-at-11.57.04-768x576.jpeg 768w, https:\/\/noticiasregionais.com.br\/wp-content\/uploads\/2025\/02\/WhatsApp-Image-2025-02-16-at-11.57.04.jpeg 1280w\" sizes=\"(max-width: 1024px) 100vw, 1024px\" \/><\/figure>\n\n\n\n<figure class=\"wp-block-image size-large\"><img decoding=\"async\" width=\"576\" height=\"1024\" data-id=\"4423\" src=\"https:\/\/noticiasregionais.com.br\/wp-content\/uploads\/2025\/02\/WhatsApp-Image-2025-02-16-at-11.57.051-576x1024.jpeg\" alt=\"\" class=\"wp-image-4423\" srcset=\"https:\/\/noticiasregionais.com.br\/wp-content\/uploads\/2025\/02\/WhatsApp-Image-2025-02-16-at-11.57.051-576x1024.jpeg 576w, https:\/\/noticiasregionais.com.br\/wp-content\/uploads\/2025\/02\/WhatsApp-Image-2025-02-16-at-11.57.051-169x300.jpeg 169w, https:\/\/noticiasregionais.com.br\/wp-content\/uploads\/2025\/02\/WhatsApp-Image-2025-02-16-at-11.57.051.jpeg 720w\" sizes=\"(max-width: 576px) 100vw, 576px\" \/><\/figure>\n<\/figure>\n<input type=\"hidden\" id=\"baseurl\" value=\"https:\/\/noticiasregionais.com.br\"><input type=\"hidden\" id=\"audio_nonce\" value=\"533fbb67b1\">","protected":false},"excerpt":{"rendered":"<p>Na madrugada deste domingo (16), por volta das 2h30, um grave acidente foi registrado no km 21,9 da BR-153, em&hellip;<\/p>\n","protected":false},"author":1,"featured_media":4421,"comment_status":"closed","ping_status":"open","sticky":false,"template":"","format":"standard","meta":{"sfsi_plus_gutenberg_text_before_share":"","sfsi_plus_gutenberg_show_text_before_share":"","sfsi_plus_gutenberg_icon_type":"","sfsi_plus_gutenberg_icon_alignemt":"","sfsi_plus_gutenburg_max_per_row":"","footnotes":""},"categories":[7,10,1],"tags":[18],"class_list":["post-4420","post","type-post","status-publish","format-standard","has-post-thumbnail","hentry","category-parana","category-destaques","category-noticias","tag-jacarezinho"],"_links":{"self":[{"href":"https:\/\/noticiasregionais.com.br\/index.php?rest_route=\/wp\/v2\/posts\/4420","targetHints":{"allow":["GET"]}}],"collection":[{"href":"https:\/\/noticiasregionais.com.br\/index.php?rest_route=\/wp\/v2\/posts"}],"about":[{"href":"https:\/\/noticiasregionais.com.br\/index.php?rest_route=\/wp\/v2\/types\/post"}],"author":[{"embeddable":true,"href":"https:\/\/noticiasregionais.com.br\/index.php?rest_route=\/wp\/v2\/users\/1"}],"replies":[{"embeddable":true,"href":"https:\/\/noticiasregionais.com.br\/index.php?rest_route=%2Fwp%2Fv2%2Fcomments&post=4420"}],"version-history":[{"count":1,"href":"https:\/\/noticiasregionais.com.br\/index.php?rest_route=\/wp\/v2\/posts\/4420\/revisions"}],"predecessor-version":[{"id":4424,"href":"https:\/\/noticiasregionais.com.br\/index.php?rest_route=\/wp\/v2\/posts\/4420\/revisions\/4424"}],"wp:featuredmedia":[{"embeddable":true,"href":"https:\/\/noticiasregionais.com.br\/index.php?rest_route=\/wp\/v2\/media\/4421"}],"wp:attachment":[{"href":"https:\/\/noticiasregionais.com.br\/index.php?rest_route=%2Fwp%2Fv2%2Fmedia&parent=4420"}],"wp:term":[{"taxonomy":"category","embeddable":true,"href":"https:\/\/noticiasregionais.com.br\/index.php?rest_route=%2Fwp%2Fv2%2Fcategories&post=4420"},{"taxonomy":"post_tag","embeddable":true,"href":"https:\/\/noticiasregionais.com.br\/index.php?rest_route=%2Fwp%2Fv2%2Ftags&post=4420"}],"curies":[{"name":"wp","href":"https:\/\/api.w.org\/{rel}","templated":true}]}}