{"id":4425,"date":"2025-02-17T12:42:45","date_gmt":"2025-02-17T15:42:45","guid":{"rendered":"https:\/\/noticiasregionais.com.br\/?p=4425"},"modified":"2025-02-17T12:43:18","modified_gmt":"2025-02-17T15:43:18","slug":"direito-estacio-formando-os-melhores-profissionais-para-o-mercado-de-trabalho-em-ourinhos","status":"publish","type":"post","link":"https:\/\/noticiasregionais.com.br\/?p=4425","title":{"rendered":"Direito Est\u00e1cio: Formando os melhores profissionais para o mercado de trabalho e a comunidade em Ourinhos"},"content":{"rendered":"\n<p>O Curso de Direito da Faculdade Est\u00e1cio de S\u00e1 de Ourinhos se destaca n\u00e3o apenas pela excel\u00eancia acad\u00eamica, mas tamb\u00e9m pela forte atua\u00e7\u00e3o de seus alunos na comunidade e no mercado de trabalho. Atrav\u00e9s de atividades pr\u00e1ticas e programas de est\u00e1gio supervisionado, os estudantes t\u00eam a oportunidade de vivenciar situa\u00e7\u00f5es reais, ampliando seu conhecimento jur\u00eddico enquanto prestam um servi\u00e7o essencial \u00e0 popula\u00e7\u00e3o.<\/p>\n\n\n\n<p>A assist\u00eancia jur\u00eddica gratuita, oferecida pelo N\u00facleo de Pr\u00e1tica Jur\u00eddica (NPJ), \u00e9 uma das iniciativas mais importantes do curso. Atrav\u00e9s deste programa, os alunos atendem \u00e0 comunidade de Ourinhos nas \u00e1reas c\u00edvel, familiar, juizado criminal e direitos humanos, sob a orienta\u00e7\u00e3o dos professores e advogados parceiros. Para ter acesso ao servi\u00e7o, a popula\u00e7\u00e3o deve cumprir requisitos de renda e bens, o que garante que o atendimento seja voltado para aqueles que realmente necessitam de apoio jur\u00eddico. O atendimento ocorre de segunda a sexta-feira, das 13h \u00e0s 19h, e envolve os alunos em atividades pr\u00e1ticas, fundamentais para o desenvolvimento de suas habilidades profissionais.<\/p>\n\n\n\n<p>Em mar\u00e7o de 2024, os alunos participaram de uma enriquecedora visita t\u00e9cnica \u00e0 Delegacia Seccional de Ourinhos, onde tiveram a chance de conhecer de perto a rotina policial e o funcionamento da justi\u00e7a criminal, sendo acompanhados pela delegada seccional, Dra. Cristiane Camargo Braga, e pelo delegado, Dr. Marcelo de Assis Aliceda. Esse tipo de experi\u00eancia, aliada ao aprendizado em sala de aula, prepara os alunos para lidar com a realidade do sistema jur\u00eddico.<\/p>\n\n\n\n<p>Al\u00e9m disso, o projeto &#8220;Di\u00e1logo com o Egresso&#8221; \u00e9 outra excelente oportunidade para os alunos do NPJ. Em mar\u00e7o, a advogada criminalista Dra. Ana Paula Assis Ribeiro compartilhou suas viv\u00eancias e desafios na advocacia criminal com os estagi\u00e1rios. Esses encontros, que acontecem periodicamente, s\u00e3o uma ponte entre a teoria acad\u00eamica e a pr\u00e1tica no mercado de trabalho, proporcionando insights valiosos aos estudantes.<\/p>\n\n\n\n<p>Outro destaque do curso s\u00e3o as atividades simuladas, que s\u00e3o realizadas regularmente para garantir que os alunos estejam preparados para enfrentar as demandas do exerc\u00edcio da profiss\u00e3o. No dia 27 de mar\u00e7o de 2024, os estudantes participaram de uma audi\u00eancia simulada no contexto do direito de fam\u00edlia, com o professor orientador Christovam Castilho. Durante a simula\u00e7\u00e3o, os alunos puderam vivenciar, na pr\u00e1tica, o funcionamento de uma audi\u00eancia de instru\u00e7\u00e3o e julgamento, entendendo a din\u00e2mica de cada ato dentro de um processo real.<\/p>\n\n\n\n<p>Al\u00e9m disso, o curso proporciona aos alunos uma vis\u00e3o ampla do sistema prisional. Em mar\u00e7o de 2024, eles visitaram o Centro de Ressocializa\u00e7\u00e3o de Ourinhos, onde foram recebidos pelo diretor Jos\u00e9 Uyl de Ara\u00fajo, que compartilhou suas experi\u00eancias e apresentou a rotina dos reeducandos. Essas visitas s\u00e3o fundamentais para que os estudantes compreendam as complexidades e desafios do sistema de justi\u00e7a penal no Brasil.<\/p>\n\n\n\n<p>O Curso de Direito da Est\u00e1cio de S\u00e1 tamb\u00e9m se dedica \u00e0 forma\u00e7\u00e3o integral dos alunos, oferecendo uma s\u00e9rie de palestras e oficinas com profissionais renomados. Um exemplo disso foi a oficina de Execu\u00e7\u00e3o Penal, realizada em junho de 2024, com a advogada Dra. Marilda Tregues. Durante o evento, a Dra. Tregues compartilhou sua experi\u00eancia na \u00e1rea, proporcionando aos estagi\u00e1rios uma vis\u00e3o pr\u00e1tica e aprofundada sobre o tema.<\/p>\n\n\n\n<p>O curso tamb\u00e9m promove atividades de grande relev\u00e2ncia, como o J\u00fari Simulado, realizado em maio de 2024, durante a Semana Acad\u00eamica Nacional de Ci\u00eancias Jur\u00eddicas. Os alunos participaram de uma simula\u00e7\u00e3o de julgamento, atuando em diversos pap\u00e9is, como promotores, advogados, testemunhas e jurados. Essas experi\u00eancias s\u00e3o essenciais para o desenvolvimento da orat\u00f3ria, argumenta\u00e7\u00e3o e compreens\u00e3o do processo judicial.<\/p>\n\n\n\n<p>Em setembro de 2024, o curso promoveu a palestra &#8220;Justi\u00e7a Restaurativa e Comunica\u00e7\u00e3o N\u00e3o-Violenta&#8221;, ministrada pela pesquisadora Cibele Cristina Gon\u00e7alves, abordando temas importantes para a resolu\u00e7\u00e3o de conflitos de maneira \u00e9tica e humanizada. Al\u00e9m disso, os alunos tiveram a oportunidade de conversar com a ju\u00edza titular da 313\u00aa Zona Eleitoral, Dra. Alessandra Spalding, sobre o processo eleitoral, expandindo sua compreens\u00e3o sobre o direito eleitoral.<\/p>\n\n\n\n<p>Por fim, a participa\u00e7\u00e3o na Feira Nacional de Empreendedorismo, em setembro de 2024, foi uma excelente oportunidade para os alunos se envolverem com a comunidade, oferecendo servi\u00e7os jur\u00eddicos gratuitos \u00e0 popula\u00e7\u00e3o, em parceria com o Cebrac.<\/p>\n\n\n\n<p>Essas atividades mostram o compromisso do Curso de Direito da Est\u00e1cio de S\u00e1 de Ourinhos com a forma\u00e7\u00e3o de profissionais \u00e9ticos, capacitados e preparados para atuar de forma significativa na sociedade. Ao integrar teoria e pr\u00e1tica, o curso n\u00e3o apenas qualifica seus alunos para o mercado de trabalho, mas tamb\u00e9m os prepara para se tornarem agentes de mudan\u00e7a na sociedade.<\/p>\n\n\n\n<figure class=\"wp-block-gallery has-nested-images columns-2 is-cropped wp-block-gallery-1 is-layout-flex wp-block-gallery-is-layout-flex\">\n<figure class=\"wp-block-image size-large\"><a href=\"https:\/\/noticiasregionais.com.br\/wp-content\/uploads\/2025\/02\/Estacio-Direito-4.jpg\"><img decoding=\"async\" width=\"793\" height=\"539\" data-id=\"4426\" src=\"https:\/\/noticiasregionais.com.br\/wp-content\/uploads\/2025\/02\/Estacio-Direito-4.jpg\" alt=\"\" class=\"wp-image-4426\" srcset=\"https:\/\/noticiasregionais.com.br\/wp-content\/uploads\/2025\/02\/Estacio-Direito-4.jpg 793w, https:\/\/noticiasregionais.com.br\/wp-content\/uploads\/2025\/02\/Estacio-Direito-4-300x204.jpg 300w, https:\/\/noticiasregionais.com.br\/wp-content\/uploads\/2025\/02\/Estacio-Direito-4-768x522.jpg 768w\" sizes=\"(max-width: 793px) 100vw, 793px\" \/><\/a><\/figure>\n\n\n\n<figure class=\"wp-block-image size-large\"><a href=\"https:\/\/noticiasregionais.com.br\/wp-content\/uploads\/2025\/02\/Estacio-Direito-3.jpg\"><img decoding=\"async\" width=\"806\" height=\"676\" data-id=\"4430\" src=\"https:\/\/noticiasregionais.com.br\/wp-content\/uploads\/2025\/02\/Estacio-Direito-3.jpg\" alt=\"\" class=\"wp-image-4430\" srcset=\"https:\/\/noticiasregionais.com.br\/wp-content\/uploads\/2025\/02\/Estacio-Direito-3.jpg 806w, https:\/\/noticiasregionais.com.br\/wp-content\/uploads\/2025\/02\/Estacio-Direito-3-300x252.jpg 300w, https:\/\/noticiasregionais.com.br\/wp-content\/uploads\/2025\/02\/Estacio-Direito-3-768x644.jpg 768w\" sizes=\"(max-width: 806px) 100vw, 806px\" \/><\/a><\/figure>\n\n\n\n<figure class=\"wp-block-image size-large\"><a href=\"https:\/\/noticiasregionais.com.br\/wp-content\/uploads\/2025\/02\/Estacio-Direito-2.jpg\"><img decoding=\"async\" width=\"906\" height=\"616\" data-id=\"4428\" src=\"https:\/\/noticiasregionais.com.br\/wp-content\/uploads\/2025\/02\/Estacio-Direito-2.jpg\" alt=\"\" class=\"wp-image-4428\" srcset=\"https:\/\/noticiasregionais.com.br\/wp-content\/uploads\/2025\/02\/Estacio-Direito-2.jpg 906w, https:\/\/noticiasregionais.com.br\/wp-content\/uploads\/2025\/02\/Estacio-Direito-2-300x204.jpg 300w, https:\/\/noticiasregionais.com.br\/wp-content\/uploads\/2025\/02\/Estacio-Direito-2-768x522.jpg 768w\" sizes=\"(max-width: 906px) 100vw, 906px\" \/><\/a><\/figure>\n\n\n\n<figure class=\"wp-block-image size-large\"><a href=\"https:\/\/noticiasregionais.com.br\/wp-content\/uploads\/2025\/02\/Estacio-Direito-1.jpg\"><img decoding=\"async\" width=\"905\" height=\"648\" data-id=\"4429\" src=\"https:\/\/noticiasregionais.com.br\/wp-content\/uploads\/2025\/02\/Estacio-Direito-1.jpg\" alt=\"\" class=\"wp-image-4429\" srcset=\"https:\/\/noticiasregionais.com.br\/wp-content\/uploads\/2025\/02\/Estacio-Direito-1.jpg 905w, https:\/\/noticiasregionais.com.br\/wp-content\/uploads\/2025\/02\/Estacio-Direito-1-300x215.jpg 300w, https:\/\/noticiasregionais.com.br\/wp-content\/uploads\/2025\/02\/Estacio-Direito-1-768x550.jpg 768w\" sizes=\"(max-width: 905px) 100vw, 905px\" \/><\/a><\/figure>\n<\/figure>\n<input type=\"hidden\" id=\"baseurl\" value=\"https:\/\/noticiasregionais.com.br\"><input type=\"hidden\" id=\"audio_nonce\" value=\"533fbb67b1\">","protected":false},"excerpt":{"rendered":"<p>O Curso de Direito da Faculdade Est\u00e1cio de S\u00e1 de Ourinhos se destaca n\u00e3o apenas pela excel\u00eancia acad\u00eamica, mas tamb\u00e9m&hellip;<\/p>\n","protected":false},"author":1,"featured_media":4427,"comment_status":"closed","ping_status":"open","sticky":false,"template":"","format":"standard","meta":{"sfsi_plus_gutenberg_text_before_share":"","sfsi_plus_gutenberg_show_text_before_share":"","sfsi_plus_gutenberg_icon_type":"","sfsi_plus_gutenberg_icon_alignemt":"","sfsi_plus_gutenburg_max_per_row":"","footnotes":""},"categories":[5,12,1],"tags":[],"class_list":["post-4425","post","type-post","status-publish","format-standard","has-post-thumbnail","hentry","category-ourinhos","category-capa","category-noticias"],"_links":{"self":[{"href":"https:\/\/noticiasregionais.com.br\/index.php?rest_route=\/wp\/v2\/posts\/4425","targetHints":{"allow":["GET"]}}],"collection":[{"href":"https:\/\/noticiasregionais.com.br\/index.php?rest_route=\/wp\/v2\/posts"}],"about":[{"href":"https:\/\/noticiasregionais.com.br\/index.php?rest_route=\/wp\/v2\/types\/post"}],"author":[{"embeddable":true,"href":"https:\/\/noticiasregionais.com.br\/index.php?rest_route=\/wp\/v2\/users\/1"}],"replies":[{"embeddable":true,"href":"https:\/\/noticiasregionais.com.br\/index.php?rest_route=%2Fwp%2Fv2%2Fcomments&post=4425"}],"version-history":[{"count":2,"href":"https:\/\/noticiasregionais.com.br\/index.php?rest_route=\/wp\/v2\/posts\/4425\/revisions"}],"predecessor-version":[{"id":4432,"href":"https:\/\/noticiasregionais.com.br\/index.php?rest_route=\/wp\/v2\/posts\/4425\/revisions\/4432"}],"wp:featuredmedia":[{"embeddable":true,"href":"https:\/\/noticiasregionais.com.br\/index.php?rest_route=\/wp\/v2\/media\/4427"}],"wp:attachment":[{"href":"https:\/\/noticiasregionais.com.br\/index.php?rest_route=%2Fwp%2Fv2%2Fmedia&parent=4425"}],"wp:term":[{"taxonomy":"category","embeddable":true,"href":"https:\/\/noticiasregionais.com.br\/index.php?rest_route=%2Fwp%2Fv2%2Fcategories&post=4425"},{"taxonomy":"post_tag","embeddable":true,"href":"https:\/\/noticiasregionais.com.br\/index.php?rest_route=%2Fwp%2Fv2%2Ftags&post=4425"}],"curies":[{"name":"wp","href":"https:\/\/api.w.org\/{rel}","templated":true}]}}