{"id":4433,"date":"2025-02-17T14:41:56","date_gmt":"2025-02-17T17:41:56","guid":{"rendered":"https:\/\/noticiasregionais.com.br\/?p=4433"},"modified":"2025-02-19T08:14:46","modified_gmt":"2025-02-19T11:14:46","slug":"fundo-social-de-salto-grande-oferece-curso-gratuito-de-auto-maquiagem-para-olhos","status":"publish","type":"post","link":"https:\/\/noticiasregionais.com.br\/?p=4433","title":{"rendered":"Fundo social de Salto Grande oferece curso gratuito de auto maquiagem para olhos"},"content":{"rendered":"\n<p>O Fundo Social de Solidariedade de Salto Grande est\u00e1 com inscri\u00e7\u00f5es abertas para o curso de auto maquiagem para olhos, uma oportunidade imperd\u00edvel para quem deseja aprender t\u00e9cnicas profissionais e real\u00e7ar ainda mais a pr\u00f3pria beleza. O curso faz parte do projeto &#8220;Cheias de Charme&#8221; e \u00e9 totalmente gratuito.<\/p>\n\n\n\n<h3 class=\"wp-block-heading\">Crit\u00e9rios para Inscri\u00e7\u00e3o<\/h3>\n\n\n\n<p>Para participar, \u00e9 necess\u00e1rio atender aos seguintes crit\u00e9rios: \u2705 Ter idade m\u00ednima de 18 anos; \u2705 Apresentar c\u00f3pia do comprovante de endere\u00e7o; \u2705 Apresentar c\u00f3pia de documento pessoal.<\/p>\n\n\n\n<h3 class=\"wp-block-heading\">Local e Hor\u00e1rio<\/h3>\n\n\n\n<p>As inscri\u00e7\u00f5es podem ser realizadas no Departamento Municipal de Assist\u00eancia e Desenvolvimento Social, localizado na Av. Bar\u00e3o do Rio Branco, 426 \u2013 Centro. O atendimento acontece nos seguintes hor\u00e1rios: \ud83d\udd57 Das 8h \u00e0s 10h30; \ud83d\udd50 Das 13h \u00e0s 15h30.<\/p>\n\n\n\n<h3 class=\"wp-block-heading\">Prazo de Inscri\u00e7\u00e3o<\/h3>\n\n\n\n<p>As inscri\u00e7\u00f5es est\u00e3o abertas entre os dias <strong>17 e 21 de fevereiro<\/strong>.<\/p>\n\n\n\n<h3 class=\"wp-block-heading\">Mais Informa\u00e7\u00f5es<\/h3>\n\n\n\n<p>Para saber mais sobre o curso, os interessados podem procurar Bruno ou Flaira no local de inscri\u00e7\u00e3o.<\/p>\n\n\n\n<p>N\u00e3o perca essa chance de aprimorar suas habilidades e elevar sua autoestima! Garanta sua vaga e participe desse projeto incr\u00edvel.<\/p>\n\n\n<div class=\"wp-block-image\">\n<figure class=\"aligncenter size-large\"><img decoding=\"async\" width=\"1024\" height=\"1024\" src=\"https:\/\/noticiasregionais.com.br\/wp-content\/uploads\/2025\/02\/WhatsApp-Image-2025-02-17-at-08.45.06-1024x1024.jpeg\" alt=\"\" class=\"wp-image-4434\" srcset=\"https:\/\/noticiasregionais.com.br\/wp-content\/uploads\/2025\/02\/WhatsApp-Image-2025-02-17-at-08.45.06-1024x1024.jpeg 1024w, https:\/\/noticiasregionais.com.br\/wp-content\/uploads\/2025\/02\/WhatsApp-Image-2025-02-17-at-08.45.06-300x300.jpeg 300w, https:\/\/noticiasregionais.com.br\/wp-content\/uploads\/2025\/02\/WhatsApp-Image-2025-02-17-at-08.45.06-150x150.jpeg 150w, https:\/\/noticiasregionais.com.br\/wp-content\/uploads\/2025\/02\/WhatsApp-Image-2025-02-17-at-08.45.06-768x768.jpeg 768w, https:\/\/noticiasregionais.com.br\/wp-content\/uploads\/2025\/02\/WhatsApp-Image-2025-02-17-at-08.45.06.jpeg 1080w\" sizes=\"(max-width: 1024px) 100vw, 1024px\" \/><\/figure>\n<\/div><input type=\"hidden\" id=\"baseurl\" value=\"https:\/\/noticiasregionais.com.br\"><input type=\"hidden\" id=\"audio_nonce\" value=\"533fbb67b1\">","protected":false},"excerpt":{"rendered":"<p>O Fundo Social de Solidariedade de Salto Grande est\u00e1 com inscri\u00e7\u00f5es abertas para o curso de auto maquiagem para olhos,&hellip;<\/p>\n","protected":false},"author":1,"featured_media":4435,"comment_status":"closed","ping_status":"open","sticky":false,"template":"","format":"standard","meta":{"sfsi_plus_gutenberg_text_before_share":"","sfsi_plus_gutenberg_show_text_before_share":"","sfsi_plus_gutenberg_icon_type":"","sfsi_plus_gutenberg_icon_alignemt":"","sfsi_plus_gutenburg_max_per_row":"","footnotes":""},"categories":[6,10,1],"tags":[15],"class_list":["post-4433","post","type-post","status-publish","format-standard","has-post-thumbnail","hentry","category-sao_paulo","category-destaques","category-noticias","tag-salto_grande"],"_links":{"self":[{"href":"https:\/\/noticiasregionais.com.br\/index.php?rest_route=\/wp\/v2\/posts\/4433","targetHints":{"allow":["GET"]}}],"collection":[{"href":"https:\/\/noticiasregionais.com.br\/index.php?rest_route=\/wp\/v2\/posts"}],"about":[{"href":"https:\/\/noticiasregionais.com.br\/index.php?rest_route=\/wp\/v2\/types\/post"}],"author":[{"embeddable":true,"href":"https:\/\/noticiasregionais.com.br\/index.php?rest_route=\/wp\/v2\/users\/1"}],"replies":[{"embeddable":true,"href":"https:\/\/noticiasregionais.com.br\/index.php?rest_route=%2Fwp%2Fv2%2Fcomments&post=4433"}],"version-history":[{"count":1,"href":"https:\/\/noticiasregionais.com.br\/index.php?rest_route=\/wp\/v2\/posts\/4433\/revisions"}],"predecessor-version":[{"id":4436,"href":"https:\/\/noticiasregionais.com.br\/index.php?rest_route=\/wp\/v2\/posts\/4433\/revisions\/4436"}],"wp:featuredmedia":[{"embeddable":true,"href":"https:\/\/noticiasregionais.com.br\/index.php?rest_route=\/wp\/v2\/media\/4435"}],"wp:attachment":[{"href":"https:\/\/noticiasregionais.com.br\/index.php?rest_route=%2Fwp%2Fv2%2Fmedia&parent=4433"}],"wp:term":[{"taxonomy":"category","embeddable":true,"href":"https:\/\/noticiasregionais.com.br\/index.php?rest_route=%2Fwp%2Fv2%2Fcategories&post=4433"},{"taxonomy":"post_tag","embeddable":true,"href":"https:\/\/noticiasregionais.com.br\/index.php?rest_route=%2Fwp%2Fv2%2Ftags&post=4433"}],"curies":[{"name":"wp","href":"https:\/\/api.w.org\/{rel}","templated":true}]}}