{"id":444,"date":"2023-09-19T07:39:59","date_gmt":"2023-09-19T10:39:59","guid":{"rendered":"https:\/\/noticiasregionais.com.br\/?p=444"},"modified":"2023-09-19T07:39:59","modified_gmt":"2023-09-19T10:39:59","slug":"forca-tatica-prende-mais-um-procurado-da-justica-no-centro-de-ourinhos","status":"publish","type":"post","link":"https:\/\/noticiasregionais.com.br\/?p=444","title":{"rendered":"For\u00e7a T\u00e1tica prende mais um procurado da justi\u00e7a no Centro de Ourinhos"},"content":{"rendered":"\n<p>Uma equipe de For\u00e7a T\u00e1tica do 31\u00ba Batalh\u00e3o de Pol\u00edcia Militar do Interior prendeu, na noite desta segunda-feira (18), um indiv\u00edduo procurado da justi\u00e7a em Ourinhos.<\/p>\n\n\n\n<p>A pris\u00e3o ocorreu durante um patrulhamento t\u00e1tico na \u00e1rea central da cidade. Os policiais abordaram um homem que estava em atitude suspeita e, ao realizarem a checagem de seus dados, constataram que havia um mandado de pris\u00e3o em aberto contra ele.<\/p>\n\n\n\n<p>O indiv\u00edduo, que n\u00e3o teve a identidade divulgada, foi encaminhado \u00e0 Central de Pol\u00edcia Judici\u00e1ria de Ourinhos, onde permaneceu preso.<\/p>\n\n\n\n<p>A Pol\u00edcia Militar n\u00e3o divulgou o motivo do mandado de pris\u00e3o.<\/p>\n\n\n\n<p><strong>Mais seguran\u00e7a para a popula\u00e7\u00e3o<\/strong><\/p>\n\n\n\n<p>A pris\u00e3o do indiv\u00edduo procurado da justi\u00e7a \u00e9 mais uma a\u00e7\u00e3o da Pol\u00edcia Militar de Ourinhos que visa garantir mais seguran\u00e7a para a popula\u00e7\u00e3o. A PM trabalha incansavelmente para combater a criminalidade e manter a ordem p\u00fablica no munic\u00edpio.<\/p>\n<input type=\"hidden\" id=\"baseurl\" value=\"https:\/\/noticiasregionais.com.br\"><input type=\"hidden\" id=\"audio_nonce\" value=\"533fbb67b1\">","protected":false},"excerpt":{"rendered":"<p>Uma equipe de For\u00e7a T\u00e1tica do 31\u00ba Batalh\u00e3o de Pol\u00edcia Militar do Interior prendeu, na noite desta segunda-feira (18), um&hellip;<\/p>\n","protected":false},"author":1,"featured_media":446,"comment_status":"closed","ping_status":"open","sticky":false,"template":"","format":"standard","meta":{"sfsi_plus_gutenberg_text_before_share":"","sfsi_plus_gutenberg_show_text_before_share":"","sfsi_plus_gutenberg_icon_type":"","sfsi_plus_gutenberg_icon_alignemt":"","sfsi_plus_gutenburg_max_per_row":"","footnotes":""},"categories":[5,10,1],"tags":[],"class_list":["post-444","post","type-post","status-publish","format-standard","has-post-thumbnail","hentry","category-ourinhos","category-destaques","category-noticias"],"_links":{"self":[{"href":"https:\/\/noticiasregionais.com.br\/index.php?rest_route=\/wp\/v2\/posts\/444","targetHints":{"allow":["GET"]}}],"collection":[{"href":"https:\/\/noticiasregionais.com.br\/index.php?rest_route=\/wp\/v2\/posts"}],"about":[{"href":"https:\/\/noticiasregionais.com.br\/index.php?rest_route=\/wp\/v2\/types\/post"}],"author":[{"embeddable":true,"href":"https:\/\/noticiasregionais.com.br\/index.php?rest_route=\/wp\/v2\/users\/1"}],"replies":[{"embeddable":true,"href":"https:\/\/noticiasregionais.com.br\/index.php?rest_route=%2Fwp%2Fv2%2Fcomments&post=444"}],"version-history":[{"count":1,"href":"https:\/\/noticiasregionais.com.br\/index.php?rest_route=\/wp\/v2\/posts\/444\/revisions"}],"predecessor-version":[{"id":447,"href":"https:\/\/noticiasregionais.com.br\/index.php?rest_route=\/wp\/v2\/posts\/444\/revisions\/447"}],"wp:featuredmedia":[{"embeddable":true,"href":"https:\/\/noticiasregionais.com.br\/index.php?rest_route=\/wp\/v2\/media\/446"}],"wp:attachment":[{"href":"https:\/\/noticiasregionais.com.br\/index.php?rest_route=%2Fwp%2Fv2%2Fmedia&parent=444"}],"wp:term":[{"taxonomy":"category","embeddable":true,"href":"https:\/\/noticiasregionais.com.br\/index.php?rest_route=%2Fwp%2Fv2%2Fcategories&post=444"},{"taxonomy":"post_tag","embeddable":true,"href":"https:\/\/noticiasregionais.com.br\/index.php?rest_route=%2Fwp%2Fv2%2Ftags&post=444"}],"curies":[{"name":"wp","href":"https:\/\/api.w.org\/{rel}","templated":true}]}}