{"id":4450,"date":"2025-02-18T20:47:41","date_gmt":"2025-02-18T23:47:41","guid":{"rendered":"https:\/\/noticiasregionais.com.br\/?p=4450"},"modified":"2025-02-19T08:14:04","modified_gmt":"2025-02-19T11:14:04","slug":"prefeitura-e-sindicato-avancam-em-negociacoes-para-servidores-publicos","status":"publish","type":"post","link":"https:\/\/noticiasregionais.com.br\/?p=4450","title":{"rendered":"Prefeitura e Sindicato avan\u00e7am em negocia\u00e7\u00f5es para servidores p\u00fablicos"},"content":{"rendered":"\n<p class=\"has-text-align-center\"><strong>Gest\u00e3o do prefeito Guilherme reafirmou sua disposi\u00e7\u00e3o em analisar as demandas dos servidores, que foram elaboradas coletivamente ao longo dos \u00faltimos anos<\/strong><\/p>\n\n\n\n<p>Na tarde desta segunda-feira (17), representantes do Sindicato dos Servidores de Ourinhos (SINSERPO) se reuniram com o prefeito Guilherme Gon\u00e7alves para dar continuidade \u00e0s tratativas sobre a data-base do funcionalismo municipal. O encontro, realizado no Gabinete, contou tamb\u00e9m com a presen\u00e7a de secret\u00e1rios e do presidente do IPMO.<\/p>\n\n\n\n<p>Durante a reuni\u00e3o, a gest\u00e3o municipal reafirmou sua disposi\u00e7\u00e3o em analisar as demandas dos servidores, que foram elaboradas coletivamente ao longo dos \u00faltimos anos. O impacto financeiro das solicita\u00e7\u00f5es ser\u00e1 avaliado nos pr\u00f3ximos dias, assim como poss\u00edveis ajustes na estrutura salarial, benef\u00edcios e Estatuto dos servidores.<\/p>\n\n\n\n<p>Para garantir a transpar\u00eancia do processo, uma nova rodada de negocia\u00e7\u00f5es foi marcada para o dia 27 de fevereiro de 2025, ocasi\u00e3o em que ser\u00e3o apresentados os levantamentos e estudos necess\u00e1rios para definir as medidas vi\u00e1veis.<\/p>\n<input type=\"hidden\" id=\"baseurl\" value=\"https:\/\/noticiasregionais.com.br\"><input type=\"hidden\" id=\"audio_nonce\" value=\"533fbb67b1\">","protected":false},"excerpt":{"rendered":"<p>Gest\u00e3o do prefeito Guilherme reafirmou sua disposi\u00e7\u00e3o em analisar as demandas dos servidores, que foram elaboradas coletivamente ao longo dos&hellip;<\/p>\n","protected":false},"author":1,"featured_media":4451,"comment_status":"closed","ping_status":"open","sticky":false,"template":"","format":"standard","meta":{"sfsi_plus_gutenberg_text_before_share":"","sfsi_plus_gutenberg_show_text_before_share":"","sfsi_plus_gutenberg_icon_type":"","sfsi_plus_gutenberg_icon_alignemt":"","sfsi_plus_gutenburg_max_per_row":"","footnotes":""},"categories":[5,10,1],"tags":[16],"class_list":["post-4450","post","type-post","status-publish","format-standard","has-post-thumbnail","hentry","category-ourinhos","category-destaques","category-noticias","tag-ourinhos"],"_links":{"self":[{"href":"https:\/\/noticiasregionais.com.br\/index.php?rest_route=\/wp\/v2\/posts\/4450","targetHints":{"allow":["GET"]}}],"collection":[{"href":"https:\/\/noticiasregionais.com.br\/index.php?rest_route=\/wp\/v2\/posts"}],"about":[{"href":"https:\/\/noticiasregionais.com.br\/index.php?rest_route=\/wp\/v2\/types\/post"}],"author":[{"embeddable":true,"href":"https:\/\/noticiasregionais.com.br\/index.php?rest_route=\/wp\/v2\/users\/1"}],"replies":[{"embeddable":true,"href":"https:\/\/noticiasregionais.com.br\/index.php?rest_route=%2Fwp%2Fv2%2Fcomments&post=4450"}],"version-history":[{"count":1,"href":"https:\/\/noticiasregionais.com.br\/index.php?rest_route=\/wp\/v2\/posts\/4450\/revisions"}],"predecessor-version":[{"id":4452,"href":"https:\/\/noticiasregionais.com.br\/index.php?rest_route=\/wp\/v2\/posts\/4450\/revisions\/4452"}],"wp:featuredmedia":[{"embeddable":true,"href":"https:\/\/noticiasregionais.com.br\/index.php?rest_route=\/wp\/v2\/media\/4451"}],"wp:attachment":[{"href":"https:\/\/noticiasregionais.com.br\/index.php?rest_route=%2Fwp%2Fv2%2Fmedia&parent=4450"}],"wp:term":[{"taxonomy":"category","embeddable":true,"href":"https:\/\/noticiasregionais.com.br\/index.php?rest_route=%2Fwp%2Fv2%2Fcategories&post=4450"},{"taxonomy":"post_tag","embeddable":true,"href":"https:\/\/noticiasregionais.com.br\/index.php?rest_route=%2Fwp%2Fv2%2Ftags&post=4450"}],"curies":[{"name":"wp","href":"https:\/\/api.w.org\/{rel}","templated":true}]}}