{"id":4460,"date":"2025-02-19T08:11:20","date_gmt":"2025-02-19T11:11:20","guid":{"rendered":"https:\/\/noticiasregionais.com.br\/?p=4460"},"modified":"2025-02-19T08:11:23","modified_gmt":"2025-02-19T11:11:23","slug":"tres-suspeitos-sao-presos-por-trafico-de-drogas-em-frente-a-colegio-em-cambara","status":"publish","type":"post","link":"https:\/\/noticiasregionais.com.br\/?p=4460","title":{"rendered":"Tr\u00eas suspeitos s\u00e3o presos por tr\u00e1fico de drogas em frente a col\u00e9gio em Cambar\u00e1"},"content":{"rendered":"\n<p>Na tarde desta segunda-feira (17), policiais militares do 2\u00ba Batalh\u00e3o de Pol\u00edcia Militar (BPM) prenderam tr\u00eas indiv\u00edduos por tr\u00e1fico de drogas em frente a um col\u00e9gio na cidade de Cambar\u00e1, Paran\u00e1. A abordagem ocorreu por volta das 16h40, na rua Herm\u00ednio Haggi, pr\u00f3ximo ao Col\u00e9gio Lucy Requi\u00e3o.<\/p>\n\n\n\n<p>De acordo com a nota divulgada pela PMPR, os policiais receberam uma den\u00fancia an\u00f4nima informando sobre a presen\u00e7a de tr\u00eas suspeitos comercializando entorpecentes nas proximidades da institui\u00e7\u00e3o de ensino. Ao chegarem ao local, os agentes localizaram e abordaram os suspeitos. Durante a revista, foram apreendidas 39 pedras de crack, j\u00e1 embaladas para venda, que estavam escondidas em um terreno pr\u00f3ximo. Al\u00e9m disso, os policiais tamb\u00e9m encontraram dinheiro e um aparelho celular.<\/p>\n\n\n\n<p>Os tr\u00eas detidos foram identificados: dois deles possuem 22 anos e o outro tem 18 anos. Todos foram encaminhados \u00e0 Delegacia de Pol\u00edcia local, onde ficar\u00e3o \u00e0 disposi\u00e7\u00e3o da Justi\u00e7a.<\/p>\n\n\n\n<p>O caso foi registrado em Boletim de Ocorr\u00eancia Unificado. A pol\u00edcia militar refor\u00e7a a import\u00e2ncia das den\u00fancias an\u00f4nimas para o combate ao tr\u00e1fico de drogas e incentiva a popula\u00e7\u00e3o a continuar colaborando com a seguran\u00e7a p\u00fablica.<\/p>\n\n\n\n<p>A Pol\u00edcia Militar do Paran\u00e1 disponibiliza os canais de atendimento para den\u00fancias: Disque Den\u00fancia 181 e o telefone (43) 9-9150-0190.<\/p>\n<input type=\"hidden\" id=\"baseurl\" value=\"https:\/\/noticiasregionais.com.br\"><input type=\"hidden\" id=\"audio_nonce\" value=\"533fbb67b1\">","protected":false},"excerpt":{"rendered":"<p>Na tarde desta segunda-feira (17), policiais militares do 2\u00ba Batalh\u00e3o de Pol\u00edcia Militar (BPM) prenderam tr\u00eas indiv\u00edduos por tr\u00e1fico de&hellip;<\/p>\n","protected":false},"author":1,"featured_media":4461,"comment_status":"closed","ping_status":"open","sticky":false,"template":"","format":"standard","meta":{"sfsi_plus_gutenberg_text_before_share":"","sfsi_plus_gutenberg_show_text_before_share":"","sfsi_plus_gutenberg_icon_type":"","sfsi_plus_gutenberg_icon_alignemt":"","sfsi_plus_gutenburg_max_per_row":"","footnotes":""},"categories":[7,10,1],"tags":[14],"class_list":["post-4460","post","type-post","status-publish","format-standard","has-post-thumbnail","hentry","category-parana","category-destaques","category-noticias","tag-cambara"],"_links":{"self":[{"href":"https:\/\/noticiasregionais.com.br\/index.php?rest_route=\/wp\/v2\/posts\/4460","targetHints":{"allow":["GET"]}}],"collection":[{"href":"https:\/\/noticiasregionais.com.br\/index.php?rest_route=\/wp\/v2\/posts"}],"about":[{"href":"https:\/\/noticiasregionais.com.br\/index.php?rest_route=\/wp\/v2\/types\/post"}],"author":[{"embeddable":true,"href":"https:\/\/noticiasregionais.com.br\/index.php?rest_route=\/wp\/v2\/users\/1"}],"replies":[{"embeddable":true,"href":"https:\/\/noticiasregionais.com.br\/index.php?rest_route=%2Fwp%2Fv2%2Fcomments&post=4460"}],"version-history":[{"count":1,"href":"https:\/\/noticiasregionais.com.br\/index.php?rest_route=\/wp\/v2\/posts\/4460\/revisions"}],"predecessor-version":[{"id":4462,"href":"https:\/\/noticiasregionais.com.br\/index.php?rest_route=\/wp\/v2\/posts\/4460\/revisions\/4462"}],"wp:featuredmedia":[{"embeddable":true,"href":"https:\/\/noticiasregionais.com.br\/index.php?rest_route=\/wp\/v2\/media\/4461"}],"wp:attachment":[{"href":"https:\/\/noticiasregionais.com.br\/index.php?rest_route=%2Fwp%2Fv2%2Fmedia&parent=4460"}],"wp:term":[{"taxonomy":"category","embeddable":true,"href":"https:\/\/noticiasregionais.com.br\/index.php?rest_route=%2Fwp%2Fv2%2Fcategories&post=4460"},{"taxonomy":"post_tag","embeddable":true,"href":"https:\/\/noticiasregionais.com.br\/index.php?rest_route=%2Fwp%2Fv2%2Ftags&post=4460"}],"curies":[{"name":"wp","href":"https:\/\/api.w.org\/{rel}","templated":true}]}}