{"id":4467,"date":"2025-02-19T08:57:14","date_gmt":"2025-02-19T11:57:14","guid":{"rendered":"https:\/\/noticiasregionais.com.br\/?p=4467"},"modified":"2025-02-19T08:57:26","modified_gmt":"2025-02-19T11:57:26","slug":"legislativo-realiza-primeira-reuniao-da-comissao-sobre-a-ourinhos-saneamento","status":"publish","type":"post","link":"https:\/\/noticiasregionais.com.br\/?p=4467","title":{"rendered":"Legislativo realiza primeira reuni\u00e3o da Comiss\u00e3o sobre a Ourinhos Saneamento"},"content":{"rendered":"\n<p class=\"has-text-align-center\"><em><strong>Popula\u00e7\u00e3o questiona a imparcialidade da investiga\u00e7\u00e3o e aponta problemas da concession\u00e1ria em outras cidades<\/strong><\/em><\/p>\n\n\n\n<p>Os integrantes da Comiss\u00e3o de Assuntos Relevantes (CAR) iniciaram nesta ter\u00e7a-feira (18) os trabalhos de apura\u00e7\u00e3o sobre a concess\u00e3o e presta\u00e7\u00e3o dos servi\u00e7os de \u00e1gua e esgoto em Ourinhos.<\/p>\n\n\n\n<p>A reuni\u00e3o inaugural, sob a presid\u00eancia do vereador Santiago, contou com a participa\u00e7\u00e3o dos vereadores Furna, Kita, Sargento S\u00e9rgio e Eder Mota.<\/p>\n\n\n\n<p>Durante o encontro, Santiago ressaltou que a comiss\u00e3o vai analisar diversas reclama\u00e7\u00f5es da popula\u00e7\u00e3o, como cobran\u00e7as indevidas, aumento excessivo nas tarifas, demora na resposta aos chamados, falta de reparos em cal\u00e7adas ap\u00f3s obras da concession\u00e1ria e falhas no atendimento ao p\u00fablico.<\/p>\n\n\n\n<p>&#8220;Nosso primeiro passo ser\u00e1 reunir e examinar toda a documenta\u00e7\u00e3o referente \u00e0 concess\u00e3o, que foi firmada na gest\u00e3o anterior sem aval do Legislativo&#8221;, afirmou Santiago.<\/p>\n\n\n\n<p>No entanto, parte da popula\u00e7\u00e3o manifesta desconfian\u00e7a quanto \u00e0 imparcialidade da investiga\u00e7\u00e3o, uma vez que muitos dos vereadores que agora integram o grupo investigador foram os mesmos que votaram a favor da concess\u00e3o da SAE, ignorando as cr\u00edticas populares na \u00e9poca da decis\u00e3o.<\/p>\n\n\n\n<p>Al\u00e9m disso, a empresa respons\u00e1vel pela concess\u00e3o tamb\u00e9m enfrenta s\u00e9rios problemas em outra cidade onde opera. Em Ouro Preto, a Saneouro tem sido alvo de duras cr\u00edticas devido \u00e0s tarifas abusivas e \u00e0 m\u00e1 qualidade do servi\u00e7o prestado. Durante uma audi\u00eancia p\u00fablica recente, diversos participantes defenderam a remunicipaliza\u00e7\u00e3o do saneamento, alegando que a concession\u00e1ria n\u00e3o tem atendido adequadamente as necessidades da popula\u00e7\u00e3o e que sua perman\u00eancia na cidade se tornou insustent\u00e1vel.<\/p>\n\n\n\n<p>As queixas sobre a empresa, que antes pertencia ao munic\u00edpio e agora pertence \u00e0 iniciativa privada, v\u00e3o desde o alto valor das tarifas at\u00e9 a qualidade da \u00e1gua. Dessa forma, a Saneouro \u00e9 um grande exemplo de como a privatiza\u00e7\u00e3o de companhias que pertencem ao povo causam problemas, como demiss\u00f5es, m\u00e1 presta\u00e7\u00e3o de servi\u00e7os, tarifas altas e situa\u00e7\u00f5es de desabastecimento. O caso de Ourinhos se assemelha muito ao de Ouro Preto, tendo inclusive os mesmos coadjuvantes.<\/p>\n\n\n\n<p>O vereador Furna destacou a necessidade de fiscalizar o Plano de Trabalho da empresa, assegurando investimentos, melhoria dos servi\u00e7os e acesso adequado ao saneamento.<\/p>\n\n\n\n<p>Eder Mota apontou o descaso da concession\u00e1ria em rela\u00e7\u00e3o aos usu\u00e1rios, mencionando diversas queixas sobre cobran\u00e7as erradas e falta de solu\u00e7\u00e3o para problemas como vazamentos.<\/p>\n\n\n\n<p>Por sua vez, Kita enfatizou a import\u00e2ncia de investigar poss\u00edveis irregularidades na transfer\u00eancia de bens da extinta SAE para a concession\u00e1ria, especialmente em rela\u00e7\u00e3o ao maquin\u00e1rio.<\/p>\n\n\n\n<p>Sargento S\u00e9rgio defendeu a amplia\u00e7\u00e3o da divulga\u00e7\u00e3o de canais de atendimento ao consumidor para solucionar demandas da popula\u00e7\u00e3o.<\/p>\n\n\n\n<p>&#8220;Nosso compromisso \u00e9 com os cidad\u00e3os de Ourinhos. Queremos ouvir suas reclama\u00e7\u00f5es e atuar de forma independente, s\u00e9ria e transparente para encontrar solu\u00e7\u00f5es. A situa\u00e7\u00e3o atual \u00e9 insustent\u00e1vel, e exigimos respostas&#8221;, concluiu Santiago.<\/p>\n<input type=\"hidden\" id=\"baseurl\" value=\"https:\/\/noticiasregionais.com.br\"><input type=\"hidden\" id=\"audio_nonce\" value=\"533fbb67b1\">","protected":false},"excerpt":{"rendered":"<p>Popula\u00e7\u00e3o questiona a imparcialidade da investiga\u00e7\u00e3o e aponta problemas da concession\u00e1ria em outras cidades Os integrantes da Comiss\u00e3o de Assuntos&hellip;<\/p>\n","protected":false},"author":1,"featured_media":4468,"comment_status":"closed","ping_status":"open","sticky":false,"template":"","format":"standard","meta":{"sfsi_plus_gutenberg_text_before_share":"","sfsi_plus_gutenberg_show_text_before_share":"","sfsi_plus_gutenberg_icon_type":"","sfsi_plus_gutenberg_icon_alignemt":"","sfsi_plus_gutenburg_max_per_row":"","footnotes":""},"categories":[5,12,1],"tags":[16],"class_list":["post-4467","post","type-post","status-publish","format-standard","has-post-thumbnail","hentry","category-ourinhos","category-capa","category-noticias","tag-ourinhos"],"_links":{"self":[{"href":"https:\/\/noticiasregionais.com.br\/index.php?rest_route=\/wp\/v2\/posts\/4467","targetHints":{"allow":["GET"]}}],"collection":[{"href":"https:\/\/noticiasregionais.com.br\/index.php?rest_route=\/wp\/v2\/posts"}],"about":[{"href":"https:\/\/noticiasregionais.com.br\/index.php?rest_route=\/wp\/v2\/types\/post"}],"author":[{"embeddable":true,"href":"https:\/\/noticiasregionais.com.br\/index.php?rest_route=\/wp\/v2\/users\/1"}],"replies":[{"embeddable":true,"href":"https:\/\/noticiasregionais.com.br\/index.php?rest_route=%2Fwp%2Fv2%2Fcomments&post=4467"}],"version-history":[{"count":1,"href":"https:\/\/noticiasregionais.com.br\/index.php?rest_route=\/wp\/v2\/posts\/4467\/revisions"}],"predecessor-version":[{"id":4469,"href":"https:\/\/noticiasregionais.com.br\/index.php?rest_route=\/wp\/v2\/posts\/4467\/revisions\/4469"}],"wp:featuredmedia":[{"embeddable":true,"href":"https:\/\/noticiasregionais.com.br\/index.php?rest_route=\/wp\/v2\/media\/4468"}],"wp:attachment":[{"href":"https:\/\/noticiasregionais.com.br\/index.php?rest_route=%2Fwp%2Fv2%2Fmedia&parent=4467"}],"wp:term":[{"taxonomy":"category","embeddable":true,"href":"https:\/\/noticiasregionais.com.br\/index.php?rest_route=%2Fwp%2Fv2%2Fcategories&post=4467"},{"taxonomy":"post_tag","embeddable":true,"href":"https:\/\/noticiasregionais.com.br\/index.php?rest_route=%2Fwp%2Fv2%2Ftags&post=4467"}],"curies":[{"name":"wp","href":"https:\/\/api.w.org\/{rel}","templated":true}]}}