{"id":4470,"date":"2025-02-19T11:08:10","date_gmt":"2025-02-19T14:08:10","guid":{"rendered":"https:\/\/noticiasregionais.com.br\/?p=4470"},"modified":"2025-02-20T18:05:05","modified_gmt":"2025-02-20T21:05:05","slug":"imovel-na-vila-barra-funda-com-duas-casas-e-predio-comercial-preco-de-oportunidade","status":"publish","type":"post","link":"https:\/\/noticiasregionais.com.br\/?p=4470","title":{"rendered":"Im\u00f3vel na Vila Barra Funda com duas casas e pr\u00e9dio comercial &#8211; Pre\u00e7o de Oportunidade"},"content":{"rendered":"\n<p>Fam\u00edlia vende im\u00f3vel na Vila Barra Funda em Ourinhos na esquina das ruas Ol\u00edmpio Coelho Tupin\u00e1 com a Rua Brasil. O terreno conta com \u00e1rea de 600 metros quadrados e tem duas casa e um pr\u00e9dio comercial tipo mercearia. Interessados entrar em contato atrav\u00e9s do telefone ou Whatsapp 14-99767-0177<\/p>\n<input type=\"hidden\" id=\"baseurl\" value=\"https:\/\/noticiasregionais.com.br\"><input type=\"hidden\" id=\"audio_nonce\" value=\"533fbb67b1\">","protected":false},"excerpt":{"rendered":"<p>Fam\u00edlia vende im\u00f3vel na Vila Barra Funda em Ourinhos na esquina das ruas Ol\u00edmpio Coelho Tupin\u00e1 com a Rua Brasil.&hellip;<\/p>\n","protected":false},"author":1,"featured_media":4471,"comment_status":"closed","ping_status":"open","sticky":false,"template":"","format":"standard","meta":{"sfsi_plus_gutenberg_text_before_share":"","sfsi_plus_gutenberg_show_text_before_share":"","sfsi_plus_gutenberg_icon_type":"","sfsi_plus_gutenberg_icon_alignemt":"","sfsi_plus_gutenburg_max_per_row":"","footnotes":""},"categories":[5,10,1,13],"tags":[16],"class_list":["post-4470","post","type-post","status-publish","format-standard","has-post-thumbnail","hentry","category-ourinhos","category-destaques","category-noticias","category-parceiros","tag-ourinhos"],"_links":{"self":[{"href":"https:\/\/noticiasregionais.com.br\/index.php?rest_route=\/wp\/v2\/posts\/4470","targetHints":{"allow":["GET"]}}],"collection":[{"href":"https:\/\/noticiasregionais.com.br\/index.php?rest_route=\/wp\/v2\/posts"}],"about":[{"href":"https:\/\/noticiasregionais.com.br\/index.php?rest_route=\/wp\/v2\/types\/post"}],"author":[{"embeddable":true,"href":"https:\/\/noticiasregionais.com.br\/index.php?rest_route=\/wp\/v2\/users\/1"}],"replies":[{"embeddable":true,"href":"https:\/\/noticiasregionais.com.br\/index.php?rest_route=%2Fwp%2Fv2%2Fcomments&post=4470"}],"version-history":[{"count":3,"href":"https:\/\/noticiasregionais.com.br\/index.php?rest_route=\/wp\/v2\/posts\/4470\/revisions"}],"predecessor-version":[{"id":4487,"href":"https:\/\/noticiasregionais.com.br\/index.php?rest_route=\/wp\/v2\/posts\/4470\/revisions\/4487"}],"wp:featuredmedia":[{"embeddable":true,"href":"https:\/\/noticiasregionais.com.br\/index.php?rest_route=\/wp\/v2\/media\/4471"}],"wp:attachment":[{"href":"https:\/\/noticiasregionais.com.br\/index.php?rest_route=%2Fwp%2Fv2%2Fmedia&parent=4470"}],"wp:term":[{"taxonomy":"category","embeddable":true,"href":"https:\/\/noticiasregionais.com.br\/index.php?rest_route=%2Fwp%2Fv2%2Fcategories&post=4470"},{"taxonomy":"post_tag","embeddable":true,"href":"https:\/\/noticiasregionais.com.br\/index.php?rest_route=%2Fwp%2Fv2%2Ftags&post=4470"}],"curies":[{"name":"wp","href":"https:\/\/api.w.org\/{rel}","templated":true}]}}