{"id":4474,"date":"2025-02-19T20:37:58","date_gmt":"2025-02-19T23:37:58","guid":{"rendered":"https:\/\/noticiasregionais.com.br\/?p=4474"},"modified":"2025-02-19T20:38:01","modified_gmt":"2025-02-19T23:38:01","slug":"prefeitura-de-ourinhos-promove-mutirao-de-servicos-no-bairro-itamaraty-neste-sabado","status":"publish","type":"post","link":"https:\/\/noticiasregionais.com.br\/?p=4474","title":{"rendered":"Prefeitura de Ourinhos promove mutir\u00e3o de servi\u00e7os no bairro Itamaraty neste s\u00e1bado"},"content":{"rendered":"\n<p>A Prefeitura de Ourinhos realizar\u00e1 neste s\u00e1bado (22) um grande mutir\u00e3o de servi\u00e7os no bairro Itamaraty, reunindo diversas secretarias municipais para atender a popula\u00e7\u00e3o em \u00e1reas essenciais como sa\u00fade, assist\u00eancia social, desenvolvimento econ\u00f4mico e infraestrutura.<\/p>\n\n\n\n<p>As atividades acontecer\u00e3o das 8h ao meio-dia na Escola Municipal de Ensino Fundamental Professor Jos\u00e9 Alves Martins, situada na Rua Lauro Zimmermann Filho, 333, no Jardim Itamaraty.<\/p>\n\n\n\n<p><strong>Servi\u00e7os e atendimentos dispon\u00edveis<\/strong><\/p>\n\n\n\n<p><strong>Assist\u00eancia Social<\/strong> A equipe da Secretaria de Assist\u00eancia Social estar\u00e1 presente para orientar os moradores sobre programas sociais do munic\u00edpio e esclarecer d\u00favidas relacionadas ao Cadastro \u00danico, essencial para o acesso a benef\u00edcios como Bolsa Fam\u00edlia e Tarifa Social de Energia.<\/p>\n\n\n\n<p><strong>Sa\u00fade<\/strong> Os servi\u00e7os de sa\u00fade dispon\u00edveis incluir\u00e3o:<\/p>\n\n\n\n<ul class=\"wp-block-list\">\n<li>Informa\u00e7\u00f5es sobre a preven\u00e7\u00e3o e combate \u00e0 dengue;<\/li>\n\n\n\n<li>Aferi\u00e7\u00e3o de press\u00e3o arterial e orienta\u00e7\u00f5es sobre hipertens\u00e3o;<\/li>\n\n\n\n<li>Teste de glicemia e recomenda\u00e7\u00f5es para o controle do diabetes.<\/li>\n<\/ul>\n\n\n\n<p><strong>Desenvolvimento Econ\u00f4mico<\/strong> Para aqueles que buscam oportunidades no mercado de trabalho ou querem empreender, a Secretaria de Desenvolvimento Econ\u00f4mico oferecer\u00e1:<\/p>\n\n\n\n<ul class=\"wp-block-list\">\n<li>Atendimento do Sebrae Aqui, com orienta\u00e7\u00f5es para abertura e formaliza\u00e7\u00e3o de neg\u00f3cios;<\/li>\n\n\n\n<li>Informa\u00e7\u00f5es sobre microcr\u00e9dito atrav\u00e9s do Banco do Povo;<\/li>\n\n\n\n<li>Cadastro de vagas no Posto de Atendimento ao Trabalhador (PAT).<\/li>\n<\/ul>\n\n\n\n<p><strong>Infraestrutura Urbana e Obras<\/strong> A a\u00e7\u00e3o tamb\u00e9m contar\u00e1 com servi\u00e7os de manuten\u00e7\u00e3o no bairro, incluindo capinagem, limpeza e ro\u00e7ada de \u00e1reas p\u00fablicas, realizados pela Secretaria de Infraestrutura Urbana e Obras.<\/p>\n\n\n\n<p><strong>Compromisso com a popula\u00e7\u00e3o<\/strong> O evento contar\u00e1 com a presen\u00e7a de servidores, secret\u00e1rios municipais e do pr\u00f3prio prefeito, refor\u00e7ando o compromisso da administra\u00e7\u00e3o municipal em melhorar a qualidade de vida dos cidad\u00e3os.<\/p>\n\n\n\n<p>A Prefeitura tem promovido diversas a\u00e7\u00f5es para o bem-estar da comunidade, como melhorias na ilumina\u00e7\u00e3o p\u00fablica, poda de \u00e1rvores e revitaliza\u00e7\u00e3o de espa\u00e7os urbanos. Os moradores do bairro Itamaraty e regi\u00f5es pr\u00f3ximas s\u00e3o convidados a participar e aproveitar os servi\u00e7os oferecidos no mutir\u00e3o.<\/p>\n<input type=\"hidden\" id=\"baseurl\" value=\"https:\/\/noticiasregionais.com.br\"><input type=\"hidden\" id=\"audio_nonce\" value=\"533fbb67b1\">","protected":false},"excerpt":{"rendered":"<p>A Prefeitura de Ourinhos realizar\u00e1 neste s\u00e1bado (22) um grande mutir\u00e3o de servi\u00e7os no bairro Itamaraty, reunindo diversas secretarias municipais&hellip;<\/p>\n","protected":false},"author":1,"featured_media":4475,"comment_status":"closed","ping_status":"open","sticky":false,"template":"","format":"standard","meta":{"sfsi_plus_gutenberg_text_before_share":"","sfsi_plus_gutenberg_show_text_before_share":"","sfsi_plus_gutenberg_icon_type":"","sfsi_plus_gutenberg_icon_alignemt":"","sfsi_plus_gutenburg_max_per_row":"","footnotes":""},"categories":[5,12,1],"tags":[],"class_list":["post-4474","post","type-post","status-publish","format-standard","has-post-thumbnail","hentry","category-ourinhos","category-capa","category-noticias"],"_links":{"self":[{"href":"https:\/\/noticiasregionais.com.br\/index.php?rest_route=\/wp\/v2\/posts\/4474","targetHints":{"allow":["GET"]}}],"collection":[{"href":"https:\/\/noticiasregionais.com.br\/index.php?rest_route=\/wp\/v2\/posts"}],"about":[{"href":"https:\/\/noticiasregionais.com.br\/index.php?rest_route=\/wp\/v2\/types\/post"}],"author":[{"embeddable":true,"href":"https:\/\/noticiasregionais.com.br\/index.php?rest_route=\/wp\/v2\/users\/1"}],"replies":[{"embeddable":true,"href":"https:\/\/noticiasregionais.com.br\/index.php?rest_route=%2Fwp%2Fv2%2Fcomments&post=4474"}],"version-history":[{"count":1,"href":"https:\/\/noticiasregionais.com.br\/index.php?rest_route=\/wp\/v2\/posts\/4474\/revisions"}],"predecessor-version":[{"id":4476,"href":"https:\/\/noticiasregionais.com.br\/index.php?rest_route=\/wp\/v2\/posts\/4474\/revisions\/4476"}],"wp:featuredmedia":[{"embeddable":true,"href":"https:\/\/noticiasregionais.com.br\/index.php?rest_route=\/wp\/v2\/media\/4475"}],"wp:attachment":[{"href":"https:\/\/noticiasregionais.com.br\/index.php?rest_route=%2Fwp%2Fv2%2Fmedia&parent=4474"}],"wp:term":[{"taxonomy":"category","embeddable":true,"href":"https:\/\/noticiasregionais.com.br\/index.php?rest_route=%2Fwp%2Fv2%2Fcategories&post=4474"},{"taxonomy":"post_tag","embeddable":true,"href":"https:\/\/noticiasregionais.com.br\/index.php?rest_route=%2Fwp%2Fv2%2Ftags&post=4474"}],"curies":[{"name":"wp","href":"https:\/\/api.w.org\/{rel}","templated":true}]}}