{"id":4477,"date":"2025-02-20T07:36:40","date_gmt":"2025-02-20T10:36:40","guid":{"rendered":"https:\/\/noticiasregionais.com.br\/?p=4477"},"modified":"2025-02-20T07:36:52","modified_gmt":"2025-02-20T10:36:52","slug":"alta-aprovacao-dos-pacientes-na-upa-de-ourinhos-em-janeiro-de-2025","status":"publish","type":"post","link":"https:\/\/noticiasregionais.com.br\/?p=4477","title":{"rendered":"Alta Aprova\u00e7\u00e3o dos pacientes na UPA de Ourinhos em Janeiro de 2025"},"content":{"rendered":"\n<p>A Unidade de Pronto Atendimento (UPA) de Ourinhos continua desempenhando um papel fundamental no atendimento de urg\u00eancia e emerg\u00eancia da popula\u00e7\u00e3o. A satisfa\u00e7\u00e3o dos usu\u00e1rios reflete a qualidade dos servi\u00e7os oferecidos, conforme apontado por uma pesquisa realizada com os pacientes ap\u00f3s o atendimento.<\/p>\n\n\n\n<p>O levantamento, feito de forma espont\u00e2nea por meio de um sistema pr\u00f3ximo \u00e0 recep\u00e7\u00e3o, revelou que 98,33% dos pacientes aprovaram o atendimento recebido em janeiro de 2025. Desse total, 74,91% consideraram o servi\u00e7o &#8220;\u00f3timo&#8221;, enquanto 23,42% o avaliaram como &#8220;bom&#8221;. Apenas 1,66% classificaram a experi\u00eancia como &#8220;ruim&#8221;. Comparativamente, no mesmo per\u00edodo de 2024, o \u00edndice de aprova\u00e7\u00e3o foi de 97,51%.<\/p>\n\n\n\n<p>Os aspectos analisados na pesquisa inclu\u00edram diversos setores da unidade, como recep\u00e7\u00e3o, orienta\u00e7\u00e3o, enfermagem, atendimento m\u00e9dico, servi\u00e7o social, alimenta\u00e7\u00e3o, limpeza, rouparia e exames.<\/p>\n\n\n\n<p>O volume de atendimentos tamb\u00e9m apresentou um crescimento significativo. No primeiro m\u00eas de 2025, a UPA registrou 8.457 atendimentos, um aumento expressivo em rela\u00e7\u00e3o aos 7.309 casos atendidos em janeiro do ano anterior.<\/p>\n\n\n\n<p>Para lidar com essa alta demanda, investimentos est\u00e3o sendo feitos tanto na contrata\u00e7\u00e3o de profissionais de sa\u00fade, como m\u00e9dicos e enfermeiros, quanto na melhoria da infraestrutura. A unidade passou a contar com uma nova ala de observa\u00e7\u00e3o, al\u00e9m da aquisi\u00e7\u00e3o de equipamentos modernos para aprimorar o atendimento.<\/p>\n\n\n\n<p>A UPA \u00e9 voltada a situa\u00e7\u00f5es de urg\u00eancia e emerg\u00eancia, como dores intensas e de in\u00edcio recente, crises hipertensivas, dificuldades respirat\u00f3rias graves, cortes profundos, queimaduras, fraturas, perdas de consci\u00eancia e sangramentos incontrol\u00e1veis.<\/p>\n\n\n\n<p>Para garantir um atendimento adequado, a unidade segue o protocolo de &#8220;Classifica\u00e7\u00e3o de Risco&#8221;, que organiza os casos conforme a gravidade. A triagem \u00e9 dividida em quatro categorias: vermelho (emerg\u00eancia, risco iminente de vida), amarelo (urg\u00eancia, com possibilidade de agravo), verde (pouco urgente, sem risco imediato) e azul (n\u00e3o urgente, sem necessidade de atendimento priorit\u00e1rio).<\/p>\n\n\n\n<p>A equipe da UPA de Ourinhos reafirma seu compromisso com um atendimento humanizado, \u00e1gil e eficiente, priorizando sempre os casos mais graves e garantindo um servi\u00e7o de qualidade \u00e0 comunidade.<\/p>\n\n\n<div class=\"wp-block-image\">\n<figure class=\"aligncenter size-large\"><img decoding=\"async\" width=\"576\" height=\"1024\" src=\"https:\/\/noticiasregionais.com.br\/wp-content\/uploads\/2025\/02\/WhatsApp-Image-2025-02-19-at-17.39.541-576x1024.jpeg\" alt=\"\" class=\"wp-image-4478\" srcset=\"https:\/\/noticiasregionais.com.br\/wp-content\/uploads\/2025\/02\/WhatsApp-Image-2025-02-19-at-17.39.541-576x1024.jpeg 576w, https:\/\/noticiasregionais.com.br\/wp-content\/uploads\/2025\/02\/WhatsApp-Image-2025-02-19-at-17.39.541-169x300.jpeg 169w, https:\/\/noticiasregionais.com.br\/wp-content\/uploads\/2025\/02\/WhatsApp-Image-2025-02-19-at-17.39.541-768x1365.jpeg 768w, https:\/\/noticiasregionais.com.br\/wp-content\/uploads\/2025\/02\/WhatsApp-Image-2025-02-19-at-17.39.541-864x1536.jpeg 864w, https:\/\/noticiasregionais.com.br\/wp-content\/uploads\/2025\/02\/WhatsApp-Image-2025-02-19-at-17.39.541.jpeg 900w\" sizes=\"(max-width: 576px) 100vw, 576px\" \/><\/figure>\n<\/div><input type=\"hidden\" id=\"baseurl\" value=\"https:\/\/noticiasregionais.com.br\"><input type=\"hidden\" id=\"audio_nonce\" value=\"533fbb67b1\">","protected":false},"excerpt":{"rendered":"<p>A Unidade de Pronto Atendimento (UPA) de Ourinhos continua desempenhando um papel fundamental no atendimento de urg\u00eancia e emerg\u00eancia da&hellip;<\/p>\n","protected":false},"author":1,"featured_media":4479,"comment_status":"closed","ping_status":"open","sticky":false,"template":"","format":"standard","meta":{"sfsi_plus_gutenberg_text_before_share":"","sfsi_plus_gutenberg_show_text_before_share":"","sfsi_plus_gutenberg_icon_type":"","sfsi_plus_gutenberg_icon_alignemt":"","sfsi_plus_gutenburg_max_per_row":"","footnotes":""},"categories":[5,12,1],"tags":[16],"class_list":["post-4477","post","type-post","status-publish","format-standard","has-post-thumbnail","hentry","category-ourinhos","category-capa","category-noticias","tag-ourinhos"],"_links":{"self":[{"href":"https:\/\/noticiasregionais.com.br\/index.php?rest_route=\/wp\/v2\/posts\/4477","targetHints":{"allow":["GET"]}}],"collection":[{"href":"https:\/\/noticiasregionais.com.br\/index.php?rest_route=\/wp\/v2\/posts"}],"about":[{"href":"https:\/\/noticiasregionais.com.br\/index.php?rest_route=\/wp\/v2\/types\/post"}],"author":[{"embeddable":true,"href":"https:\/\/noticiasregionais.com.br\/index.php?rest_route=\/wp\/v2\/users\/1"}],"replies":[{"embeddable":true,"href":"https:\/\/noticiasregionais.com.br\/index.php?rest_route=%2Fwp%2Fv2%2Fcomments&post=4477"}],"version-history":[{"count":1,"href":"https:\/\/noticiasregionais.com.br\/index.php?rest_route=\/wp\/v2\/posts\/4477\/revisions"}],"predecessor-version":[{"id":4480,"href":"https:\/\/noticiasregionais.com.br\/index.php?rest_route=\/wp\/v2\/posts\/4477\/revisions\/4480"}],"wp:featuredmedia":[{"embeddable":true,"href":"https:\/\/noticiasregionais.com.br\/index.php?rest_route=\/wp\/v2\/media\/4479"}],"wp:attachment":[{"href":"https:\/\/noticiasregionais.com.br\/index.php?rest_route=%2Fwp%2Fv2%2Fmedia&parent=4477"}],"wp:term":[{"taxonomy":"category","embeddable":true,"href":"https:\/\/noticiasregionais.com.br\/index.php?rest_route=%2Fwp%2Fv2%2Fcategories&post=4477"},{"taxonomy":"post_tag","embeddable":true,"href":"https:\/\/noticiasregionais.com.br\/index.php?rest_route=%2Fwp%2Fv2%2Ftags&post=4477"}],"curies":[{"name":"wp","href":"https:\/\/api.w.org\/{rel}","templated":true}]}}