{"id":448,"date":"2023-09-19T08:27:48","date_gmt":"2023-09-19T11:27:48","guid":{"rendered":"https:\/\/noticiasregionais.com.br\/?p=448"},"modified":"2023-09-19T08:27:48","modified_gmt":"2023-09-19T11:27:48","slug":"prefeitura-de-ourinhos-tera-evento-especial-em-comemoracao-ao-dia-nacional-de-luta-da-pessoa-com-deficiencia","status":"publish","type":"post","link":"https:\/\/noticiasregionais.com.br\/?p=448","title":{"rendered":"Prefeitura de Ourinhos ter\u00e1 evento especial em comemora\u00e7\u00e3o ao Dia Nacional de Luta da Pessoa com Defici\u00eancia"},"content":{"rendered":"\n<p>A Prefeitura de Ourinhos, por meio da Secretaria Municipal de Inclus\u00e3o, em parceria com a Secretaria de Esportes, com apoio da APAE, AADF, ASO e Comdef, realizar\u00e1 no dia 21 de setembro, das 14h \u00e0s 17h, no Gin\u00e1sio do Monstrinho, um evento especial em comemora\u00e7\u00e3o ao Dia Nacional de Luta da Pessoa com Defici\u00eancia.<\/p>\n\n\n\n<p>O evento tem como objetivo a viv\u00eancia, participa\u00e7\u00e3o e inclus\u00e3o de pessoas com defici\u00eancias junto a toda sociedade. A programa\u00e7\u00e3o contar\u00e1 com atividades esportivas adaptadas como v\u00f4lei sentado, capoeira, zumba, atletismo, Jiu-Jitsu, al\u00e9m do basquete em cadeira de rodas, com a participa\u00e7\u00e3o das atletas do time profissional de Basquetebol Feminino de Ourinhos.<\/p>\n\n\n\n<p>\u201c Convidamos toda a comunidade a participar deste evento, o qual vamos celebrar e promover a igualdade e a conscientiza\u00e7\u00e3o sobre a pessoa com defici\u00eancia. Ser\u00e1 um momento tamb\u00e9m de reflex\u00e3o sobre a data, destacando a import\u00e2ncia da inclus\u00e3o e dos desafios enfrentados pelas pessoas com defici\u00eancia\u201d, Refor\u00e7aram o Secret\u00e1rio de INCLUS\u00c3O Professor Robson Sanches e o Secret\u00e1rio-adjunto Murilo Bueno.<\/p>\n\n\n\n<p><sub>com informa\u00e7\u00f5es da Prefeitura Municipal de Ourinhos<\/sub><\/p>\n<input type=\"hidden\" id=\"baseurl\" value=\"https:\/\/noticiasregionais.com.br\"><input type=\"hidden\" id=\"audio_nonce\" value=\"533fbb67b1\">","protected":false},"excerpt":{"rendered":"<p>A Prefeitura de Ourinhos, por meio da Secretaria Municipal de Inclus\u00e3o, em parceria com a Secretaria de Esportes, com apoio&hellip;<\/p>\n","protected":false},"author":1,"featured_media":449,"comment_status":"closed","ping_status":"open","sticky":false,"template":"","format":"standard","meta":{"sfsi_plus_gutenberg_text_before_share":"","sfsi_plus_gutenberg_show_text_before_share":"","sfsi_plus_gutenberg_icon_type":"","sfsi_plus_gutenberg_icon_alignemt":"","sfsi_plus_gutenburg_max_per_row":"","footnotes":""},"categories":[5,10,1],"tags":[],"class_list":["post-448","post","type-post","status-publish","format-standard","has-post-thumbnail","hentry","category-ourinhos","category-destaques","category-noticias"],"_links":{"self":[{"href":"https:\/\/noticiasregionais.com.br\/index.php?rest_route=\/wp\/v2\/posts\/448","targetHints":{"allow":["GET"]}}],"collection":[{"href":"https:\/\/noticiasregionais.com.br\/index.php?rest_route=\/wp\/v2\/posts"}],"about":[{"href":"https:\/\/noticiasregionais.com.br\/index.php?rest_route=\/wp\/v2\/types\/post"}],"author":[{"embeddable":true,"href":"https:\/\/noticiasregionais.com.br\/index.php?rest_route=\/wp\/v2\/users\/1"}],"replies":[{"embeddable":true,"href":"https:\/\/noticiasregionais.com.br\/index.php?rest_route=%2Fwp%2Fv2%2Fcomments&post=448"}],"version-history":[{"count":1,"href":"https:\/\/noticiasregionais.com.br\/index.php?rest_route=\/wp\/v2\/posts\/448\/revisions"}],"predecessor-version":[{"id":450,"href":"https:\/\/noticiasregionais.com.br\/index.php?rest_route=\/wp\/v2\/posts\/448\/revisions\/450"}],"wp:featuredmedia":[{"embeddable":true,"href":"https:\/\/noticiasregionais.com.br\/index.php?rest_route=\/wp\/v2\/media\/449"}],"wp:attachment":[{"href":"https:\/\/noticiasregionais.com.br\/index.php?rest_route=%2Fwp%2Fv2%2Fmedia&parent=448"}],"wp:term":[{"taxonomy":"category","embeddable":true,"href":"https:\/\/noticiasregionais.com.br\/index.php?rest_route=%2Fwp%2Fv2%2Fcategories&post=448"},{"taxonomy":"post_tag","embeddable":true,"href":"https:\/\/noticiasregionais.com.br\/index.php?rest_route=%2Fwp%2Fv2%2Ftags&post=448"}],"curies":[{"name":"wp","href":"https:\/\/api.w.org\/{rel}","templated":true}]}}