{"id":4484,"date":"2025-02-20T18:01:41","date_gmt":"2025-02-20T21:01:41","guid":{"rendered":"https:\/\/noticiasregionais.com.br\/?p=4484"},"modified":"2025-02-20T18:01:52","modified_gmt":"2025-02-20T21:01:52","slug":"policia-militar-prende-homem-procurado-por-trafico-de-drogas-em-santa-cruz-do-rio-pardo","status":"publish","type":"post","link":"https:\/\/noticiasregionais.com.br\/?p=4484","title":{"rendered":"Pol\u00edcia Militar prende homem procurado por tr\u00e1fico de drogas em Santa Cruz do Rio Pardo"},"content":{"rendered":"\n<p>Na manh\u00e3 desta quinta-feira (20), a Pol\u00edcia Militar, por meio da Equipe K9 do 13\u00ba Batalh\u00e3o de A\u00e7\u00f5es Especiais de Pol\u00edcia (BAEP), prendeu um homem de 31 anos que estava com um mandado de pris\u00e3o em aberto por tr\u00e1fico de drogas. A deten\u00e7\u00e3o ocorreu por volta das 11h40 na Avenida Dr. Pedro Camarinha, no bairro Vila Mathias, em Santa Cruz do Rio Pardo (SP).<\/p>\n\n\n\n<p>Durante patrulhamento de rotina com o apoio de c\u00e3es farejadores, os policiais abordaram o indiv\u00edduo. Embora nada de il\u00edcito tenha sido encontrado na busca pessoal, a consulta aos registros criminais revelou um mandado de pris\u00e3o expedido contra ele. Diante da confirma\u00e7\u00e3o, o suspeito foi detido e encaminhado \u00e0 Central de Pol\u00edcia Judici\u00e1ria (CPJ) da cidade, onde permanece \u00e0 disposi\u00e7\u00e3o da Justi\u00e7a.<\/p>\n\n\n\n<p>O homem deve cumprir uma pena de 8 anos de reclus\u00e3o pelo crime de tr\u00e1fico de drogas, conforme previsto no artigo 33 da Lei de Drogas (Lei n\u00ba 11.343\/2006). A legisla\u00e7\u00e3o estabelece que o crime \u00e9 inafian\u00e7\u00e1vel e pode ser cumprido inicialmente em regime fechado, dependendo da decis\u00e3o judicial.<\/p>\n\n\n\n<p>A pris\u00e3o refor\u00e7a a atua\u00e7\u00e3o da Pol\u00edcia Militar no combate ao crime e na busca pela seguran\u00e7a p\u00fablica, com o apoio das equipes especializadas do BAEP e do efetivo K9, que tem papel fundamental nas a\u00e7\u00f5es de patrulhamento e repress\u00e3o a atividades criminosas.<\/p>\n<input type=\"hidden\" id=\"baseurl\" value=\"https:\/\/noticiasregionais.com.br\"><input type=\"hidden\" id=\"audio_nonce\" value=\"533fbb67b1\">","protected":false},"excerpt":{"rendered":"<p>Na manh\u00e3 desta quinta-feira (20), a Pol\u00edcia Militar, por meio da Equipe K9 do 13\u00ba Batalh\u00e3o de A\u00e7\u00f5es Especiais de&hellip;<\/p>\n","protected":false},"author":1,"featured_media":4485,"comment_status":"closed","ping_status":"open","sticky":false,"template":"","format":"standard","meta":{"sfsi_plus_gutenberg_text_before_share":"","sfsi_plus_gutenberg_show_text_before_share":"","sfsi_plus_gutenberg_icon_type":"","sfsi_plus_gutenberg_icon_alignemt":"","sfsi_plus_gutenburg_max_per_row":"","footnotes":""},"categories":[10,1,6],"tags":[17],"class_list":["post-4484","post","type-post","status-publish","format-standard","has-post-thumbnail","hentry","category-destaques","category-noticias","category-sao_paulo","tag-santa_cruz"],"_links":{"self":[{"href":"https:\/\/noticiasregionais.com.br\/index.php?rest_route=\/wp\/v2\/posts\/4484","targetHints":{"allow":["GET"]}}],"collection":[{"href":"https:\/\/noticiasregionais.com.br\/index.php?rest_route=\/wp\/v2\/posts"}],"about":[{"href":"https:\/\/noticiasregionais.com.br\/index.php?rest_route=\/wp\/v2\/types\/post"}],"author":[{"embeddable":true,"href":"https:\/\/noticiasregionais.com.br\/index.php?rest_route=\/wp\/v2\/users\/1"}],"replies":[{"embeddable":true,"href":"https:\/\/noticiasregionais.com.br\/index.php?rest_route=%2Fwp%2Fv2%2Fcomments&post=4484"}],"version-history":[{"count":1,"href":"https:\/\/noticiasregionais.com.br\/index.php?rest_route=\/wp\/v2\/posts\/4484\/revisions"}],"predecessor-version":[{"id":4486,"href":"https:\/\/noticiasregionais.com.br\/index.php?rest_route=\/wp\/v2\/posts\/4484\/revisions\/4486"}],"wp:featuredmedia":[{"embeddable":true,"href":"https:\/\/noticiasregionais.com.br\/index.php?rest_route=\/wp\/v2\/media\/4485"}],"wp:attachment":[{"href":"https:\/\/noticiasregionais.com.br\/index.php?rest_route=%2Fwp%2Fv2%2Fmedia&parent=4484"}],"wp:term":[{"taxonomy":"category","embeddable":true,"href":"https:\/\/noticiasregionais.com.br\/index.php?rest_route=%2Fwp%2Fv2%2Fcategories&post=4484"},{"taxonomy":"post_tag","embeddable":true,"href":"https:\/\/noticiasregionais.com.br\/index.php?rest_route=%2Fwp%2Fv2%2Ftags&post=4484"}],"curies":[{"name":"wp","href":"https:\/\/api.w.org\/{rel}","templated":true}]}}