{"id":4488,"date":"2025-02-20T18:35:34","date_gmt":"2025-02-20T21:35:34","guid":{"rendered":"https:\/\/noticiasregionais.com.br\/?p=4488"},"modified":"2025-02-21T07:24:21","modified_gmt":"2025-02-21T10:24:21","slug":"ourinhos-adota-solucao-inovadora-para-limpeza-urbana-com-caixas-metalicas-em-bueiros","status":"publish","type":"post","link":"https:\/\/noticiasregionais.com.br\/?p=4488","title":{"rendered":"Ourinhos adota solu\u00e7\u00e3o inovadora para limpeza urbana com caixas met\u00e1licas em bueiros"},"content":{"rendered":"\n<p>A Prefeitura de Ourinhos est\u00e1 implementando um novo projeto para aprimorar a drenagem urbana e minimizar alagamentos. A iniciativa consiste na instala\u00e7\u00e3o de caixas met\u00e1licas dentro dos bueiros, com o objetivo de filtrar detritos e impedir que cheguem ao sistema de escoamento pluvial, mantendo a cidade mais limpa e contribuindo para a preserva\u00e7\u00e3o ambiental.<\/p>\n\n\n\n<p>Essas estruturas atuam como barreiras que ret\u00eam materiais como folhas, pl\u00e1sticos e outros res\u00edduos, permitindo apenas a passagem da \u00e1gua. Equipes de manuten\u00e7\u00e3o urbana ser\u00e3o respons\u00e1veis por esvaziar e higienizar os dispositivos regularmente, garantindo sua efic\u00e1cia.<\/p>\n\n\n\n<p><strong>Impacto positivo na cidade e no meio ambiente<\/strong><\/p>\n\n\n\n<p>Al\u00e9m de reduzir o risco de alagamentos, a medida tamb\u00e9m evita que res\u00edduos sejam levados para rios e c\u00f3rregos, ajudando na preserva\u00e7\u00e3o da fauna e da flora local. A iniciativa tamb\u00e9m tem um car\u00e1ter educativo, incentivando a popula\u00e7\u00e3o a realizar o descarte adequado do lixo.<\/p>\n\n\n\n<p><strong>Principais benef\u00edcios do projeto:<\/strong><\/p>\n\n\n\n<ul class=\"wp-block-list\">\n<li>Menos alagamentos e obstru\u00e7\u00f5es nas vias p\u00fablicas;<\/li>\n\n\n\n<li>Redu\u00e7\u00e3o da polui\u00e7\u00e3o em rios e c\u00f3rregos urbanos;<\/li>\n\n\n\n<li>Facilita\u00e7\u00e3o na manuten\u00e7\u00e3o e limpeza da rede pluvial;<\/li>\n\n\n\n<li>Conscientiza\u00e7\u00e3o da popula\u00e7\u00e3o sobre a import\u00e2ncia do descarte correto do lixo;<\/li>\n\n\n\n<li>Melhoria na qualidade de vida dos mun\u00edcipes.<\/li>\n<\/ul>\n\n\n\n<p>O prefeito Guilherme Gon\u00e7alves ressaltou a relev\u00e2ncia do projeto: &#8220;Nosso compromisso \u00e9 tornar Ourinhos uma cidade mais limpa e eficiente. Esta a\u00e7\u00e3o \u00e9 um grande avan\u00e7o na preven\u00e7\u00e3o de enchentes e na prote\u00e7\u00e3o ambiental. Contamos com a colabora\u00e7\u00e3o de todos para manter as ruas e bueiros livres de lixo.&#8221;<\/p>\n\n\n\n<p>Com essa iniciativa, Ourinhos refor\u00e7a seu compromisso com a sustentabilidade e a gest\u00e3o eficiente dos res\u00edduos urbanos. A popula\u00e7\u00e3o tamb\u00e9m pode fazer sua parte, descartando corretamente o lixo e denunciando pr\u00e1ticas inadequadas. Juntos, podemos construir uma cidade mais limpa e organizada!<\/p>\n\n\n\n<figure class=\"wp-block-gallery has-nested-images columns-default is-cropped wp-block-gallery-1 is-layout-flex wp-block-gallery-is-layout-flex\">\n<figure class=\"wp-block-image size-large\"><img decoding=\"async\" width=\"497\" height=\"846\" data-id=\"4492\" src=\"https:\/\/noticiasregionais.com.br\/wp-content\/uploads\/2025\/02\/WhatsApp-Image-2025-02-20-at-17.04.14.jpeg\" alt=\"\" class=\"wp-image-4492\" srcset=\"https:\/\/noticiasregionais.com.br\/wp-content\/uploads\/2025\/02\/WhatsApp-Image-2025-02-20-at-17.04.14.jpeg 497w, https:\/\/noticiasregionais.com.br\/wp-content\/uploads\/2025\/02\/WhatsApp-Image-2025-02-20-at-17.04.14-176x300.jpeg 176w\" sizes=\"(max-width: 497px) 100vw, 497px\" \/><\/figure>\n\n\n\n<figure class=\"wp-block-image size-large\"><img decoding=\"async\" width=\"497\" height=\"852\" data-id=\"4490\" src=\"https:\/\/noticiasregionais.com.br\/wp-content\/uploads\/2025\/02\/WhatsApp-Image-2025-02-20-at-17.04.141.jpeg\" alt=\"\" class=\"wp-image-4490\" srcset=\"https:\/\/noticiasregionais.com.br\/wp-content\/uploads\/2025\/02\/WhatsApp-Image-2025-02-20-at-17.04.141.jpeg 497w, https:\/\/noticiasregionais.com.br\/wp-content\/uploads\/2025\/02\/WhatsApp-Image-2025-02-20-at-17.04.141-175x300.jpeg 175w\" sizes=\"(max-width: 497px) 100vw, 497px\" \/><\/figure>\n\n\n\n<figure class=\"wp-block-image size-large\"><img decoding=\"async\" width=\"498\" height=\"850\" data-id=\"4491\" src=\"https:\/\/noticiasregionais.com.br\/wp-content\/uploads\/2025\/02\/WhatsApp-Image-2025-02-20-at-17.04.25.jpeg\" alt=\"\" class=\"wp-image-4491\" srcset=\"https:\/\/noticiasregionais.com.br\/wp-content\/uploads\/2025\/02\/WhatsApp-Image-2025-02-20-at-17.04.25.jpeg 498w, https:\/\/noticiasregionais.com.br\/wp-content\/uploads\/2025\/02\/WhatsApp-Image-2025-02-20-at-17.04.25-176x300.jpeg 176w\" sizes=\"(max-width: 498px) 100vw, 498px\" \/><\/figure>\n<\/figure>\n<input type=\"hidden\" id=\"baseurl\" value=\"https:\/\/noticiasregionais.com.br\"><input type=\"hidden\" id=\"audio_nonce\" value=\"296231ceac\">","protected":false},"excerpt":{"rendered":"<p>A Prefeitura de Ourinhos est\u00e1 implementando um novo projeto para aprimorar a drenagem urbana e minimizar alagamentos. A iniciativa consiste&hellip;<\/p>\n","protected":false},"author":1,"featured_media":4489,"comment_status":"closed","ping_status":"open","sticky":false,"template":"","format":"standard","meta":{"sfsi_plus_gutenberg_text_before_share":"","sfsi_plus_gutenberg_show_text_before_share":"","sfsi_plus_gutenberg_icon_type":"","sfsi_plus_gutenberg_icon_alignemt":"","sfsi_plus_gutenburg_max_per_row":"","footnotes":""},"categories":[5,12,1],"tags":[16],"class_list":["post-4488","post","type-post","status-publish","format-standard","has-post-thumbnail","hentry","category-ourinhos","category-capa","category-noticias","tag-ourinhos"],"_links":{"self":[{"href":"https:\/\/noticiasregionais.com.br\/index.php?rest_route=\/wp\/v2\/posts\/4488","targetHints":{"allow":["GET"]}}],"collection":[{"href":"https:\/\/noticiasregionais.com.br\/index.php?rest_route=\/wp\/v2\/posts"}],"about":[{"href":"https:\/\/noticiasregionais.com.br\/index.php?rest_route=\/wp\/v2\/types\/post"}],"author":[{"embeddable":true,"href":"https:\/\/noticiasregionais.com.br\/index.php?rest_route=\/wp\/v2\/users\/1"}],"replies":[{"embeddable":true,"href":"https:\/\/noticiasregionais.com.br\/index.php?rest_route=%2Fwp%2Fv2%2Fcomments&post=4488"}],"version-history":[{"count":1,"href":"https:\/\/noticiasregionais.com.br\/index.php?rest_route=\/wp\/v2\/posts\/4488\/revisions"}],"predecessor-version":[{"id":4493,"href":"https:\/\/noticiasregionais.com.br\/index.php?rest_route=\/wp\/v2\/posts\/4488\/revisions\/4493"}],"wp:featuredmedia":[{"embeddable":true,"href":"https:\/\/noticiasregionais.com.br\/index.php?rest_route=\/wp\/v2\/media\/4489"}],"wp:attachment":[{"href":"https:\/\/noticiasregionais.com.br\/index.php?rest_route=%2Fwp%2Fv2%2Fmedia&parent=4488"}],"wp:term":[{"taxonomy":"category","embeddable":true,"href":"https:\/\/noticiasregionais.com.br\/index.php?rest_route=%2Fwp%2Fv2%2Fcategories&post=4488"},{"taxonomy":"post_tag","embeddable":true,"href":"https:\/\/noticiasregionais.com.br\/index.php?rest_route=%2Fwp%2Fv2%2Ftags&post=4488"}],"curies":[{"name":"wp","href":"https:\/\/api.w.org\/{rel}","templated":true}]}}