{"id":4494,"date":"2025-02-20T20:49:39","date_gmt":"2025-02-20T23:49:39","guid":{"rendered":"https:\/\/noticiasregionais.com.br\/?p=4494"},"modified":"2025-02-20T20:49:41","modified_gmt":"2025-02-20T23:49:41","slug":"policia-militar-prende-trio-por-furto-e-receptacao-de-fios-de-cobre-em-cambara","status":"publish","type":"post","link":"https:\/\/noticiasregionais.com.br\/?p=4494","title":{"rendered":"Pol\u00edcia Militar prende trio por furto e recepta\u00e7\u00e3o de fios de cobre em Cambar\u00e1"},"content":{"rendered":"\n<p>Policiais militares do 2\u00ba Batalh\u00e3o de Pol\u00edcia Militar (2\u00ba BPM) prenderam, na noite desta ter\u00e7a-feira (19), tr\u00eas indiv\u00edduos envolvidos no furto e na recepta\u00e7\u00e3o de fios de cobre. A a\u00e7\u00e3o ocorreu na Rodovia da Liberdade, em Cambar\u00e1\/PR, ap\u00f3s uma den\u00fancia an\u00f4nima informar que um ve\u00edculo suspeito transportava o material subtra\u00eddo ilegalmente.<\/p>\n\n\n\n<p>Segundo informa\u00e7\u00f5es da Pol\u00edcia Militar, um autom\u00f3vel VW\/Gol G3, de cor preta, foi abordado na rodovia. Dentro do carro estavam dois ocupantes trajando uniformes de empresa. Questionados pelos agentes, eles alegaram inicialmente que haviam retirado os fios na cidade de Salto Grande\/SP e que os transportariam para Ourinhos\/SP no dia seguinte.<\/p>\n\n\n\n<p>Contudo, ao entrarem em contato com o respons\u00e1vel pela rede de telefonia, os policiais confirmaram que os suspeitos n\u00e3o eram funcion\u00e1rios da empresa e que a hist\u00f3ria relatada por eles n\u00e3o procedia. Pressionados, os abordados confessaram o furto e revelaram que pretendiam entregar o material a um receptador na cidade de Bandeirantes\/PR.<\/p>\n\n\n\n<p>Diante das novas informa\u00e7\u00f5es, a equipe policial de Bandeirantes foi acionada e conseguiu localizar o receptador. Durante a abordagem, foram encontrados mais dois rolos de fios furtados em sua posse. Os tr\u00eas indiv\u00edduos foram presos e encaminhados \u00e0 Delegacia de Pol\u00edcia para os procedimentos legais.<\/p>\n\n\n\n<p>A Pol\u00edcia Militar refor\u00e7a a import\u00e2ncia da colabora\u00e7\u00e3o da popula\u00e7\u00e3o para o combate a crimes como esse e orienta que den\u00fancias podem ser feitas anonimamente atrav\u00e9s do telefone 190.<\/p>\n\n\n<div class=\"wp-block-image\">\n<figure class=\"aligncenter size-large\"><img decoding=\"async\" width=\"832\" height=\"1024\" src=\"https:\/\/noticiasregionais.com.br\/wp-content\/uploads\/2025\/02\/WhatsApp-Image-2025-02-20-at-10.54.56-832x1024.jpeg\" alt=\"\" class=\"wp-image-4496\" srcset=\"https:\/\/noticiasregionais.com.br\/wp-content\/uploads\/2025\/02\/WhatsApp-Image-2025-02-20-at-10.54.56-832x1024.jpeg 832w, https:\/\/noticiasregionais.com.br\/wp-content\/uploads\/2025\/02\/WhatsApp-Image-2025-02-20-at-10.54.56-244x300.jpeg 244w, https:\/\/noticiasregionais.com.br\/wp-content\/uploads\/2025\/02\/WhatsApp-Image-2025-02-20-at-10.54.56-768x946.jpeg 768w, https:\/\/noticiasregionais.com.br\/wp-content\/uploads\/2025\/02\/WhatsApp-Image-2025-02-20-at-10.54.56.jpeg 960w\" sizes=\"(max-width: 832px) 100vw, 832px\" \/><\/figure>\n<\/div><input type=\"hidden\" id=\"baseurl\" value=\"https:\/\/noticiasregionais.com.br\"><input type=\"hidden\" id=\"audio_nonce\" value=\"533fbb67b1\">","protected":false},"excerpt":{"rendered":"<p>Policiais militares do 2\u00ba Batalh\u00e3o de Pol\u00edcia Militar (2\u00ba BPM) prenderam, na noite desta ter\u00e7a-feira (19), tr\u00eas indiv\u00edduos envolvidos no&hellip;<\/p>\n","protected":false},"author":1,"featured_media":4495,"comment_status":"closed","ping_status":"open","sticky":false,"template":"","format":"standard","meta":{"sfsi_plus_gutenberg_text_before_share":"","sfsi_plus_gutenberg_show_text_before_share":"","sfsi_plus_gutenberg_icon_type":"","sfsi_plus_gutenberg_icon_alignemt":"","sfsi_plus_gutenburg_max_per_row":"","footnotes":""},"categories":[7,10,1],"tags":[14],"class_list":["post-4494","post","type-post","status-publish","format-standard","has-post-thumbnail","hentry","category-parana","category-destaques","category-noticias","tag-cambara"],"_links":{"self":[{"href":"https:\/\/noticiasregionais.com.br\/index.php?rest_route=\/wp\/v2\/posts\/4494","targetHints":{"allow":["GET"]}}],"collection":[{"href":"https:\/\/noticiasregionais.com.br\/index.php?rest_route=\/wp\/v2\/posts"}],"about":[{"href":"https:\/\/noticiasregionais.com.br\/index.php?rest_route=\/wp\/v2\/types\/post"}],"author":[{"embeddable":true,"href":"https:\/\/noticiasregionais.com.br\/index.php?rest_route=\/wp\/v2\/users\/1"}],"replies":[{"embeddable":true,"href":"https:\/\/noticiasregionais.com.br\/index.php?rest_route=%2Fwp%2Fv2%2Fcomments&post=4494"}],"version-history":[{"count":1,"href":"https:\/\/noticiasregionais.com.br\/index.php?rest_route=\/wp\/v2\/posts\/4494\/revisions"}],"predecessor-version":[{"id":4497,"href":"https:\/\/noticiasregionais.com.br\/index.php?rest_route=\/wp\/v2\/posts\/4494\/revisions\/4497"}],"wp:featuredmedia":[{"embeddable":true,"href":"https:\/\/noticiasregionais.com.br\/index.php?rest_route=\/wp\/v2\/media\/4495"}],"wp:attachment":[{"href":"https:\/\/noticiasregionais.com.br\/index.php?rest_route=%2Fwp%2Fv2%2Fmedia&parent=4494"}],"wp:term":[{"taxonomy":"category","embeddable":true,"href":"https:\/\/noticiasregionais.com.br\/index.php?rest_route=%2Fwp%2Fv2%2Fcategories&post=4494"},{"taxonomy":"post_tag","embeddable":true,"href":"https:\/\/noticiasregionais.com.br\/index.php?rest_route=%2Fwp%2Fv2%2Ftags&post=4494"}],"curies":[{"name":"wp","href":"https:\/\/api.w.org\/{rel}","templated":true}]}}