{"id":4498,"date":"2025-02-21T07:28:15","date_gmt":"2025-02-21T10:28:15","guid":{"rendered":"https:\/\/noticiasregionais.com.br\/?p=4498"},"modified":"2025-02-21T07:28:18","modified_gmt":"2025-02-21T10:28:18","slug":"covid-19-casos-no-interior-do-brasil-somam-68-mil-em-2025-e-acendem-alerta-entre-gestores","status":"publish","type":"post","link":"https:\/\/noticiasregionais.com.br\/?p=4498","title":{"rendered":"Covid-19: Casos no interior do Brasil somam 68 mil em 2025 e acendem alerta entre gestores"},"content":{"rendered":"\n<p>At\u00e9 8 de fevereiro, o Brasil registrou 94.701 casos de Covid-19 e 429 \u00f3bitos, sendo que 68.638 desses casos ocorreram em munic\u00edpios do interior, resultando em 271 mortes. Apesar da queda de 21,12% na m\u00e9dia m\u00f3vel de infec\u00e7\u00f5es, a taxa de \u00f3bitos aumentou 15,52% em compara\u00e7\u00e3o com a semana anterior. A proximidade do Carnaval preocupa gestores municipais, que adotam medidas para conter o avan\u00e7o da doen\u00e7a. Os dados s\u00e3o do Informe Vigil\u00e2ncia das S\u00edndromes Gripais do Minist\u00e9rio da Sa\u00fade.<\/p>\n\n\n\n<p><strong>Aumento de Casos no Norte e Centro-Oeste<\/strong><\/p>\n\n\n\n<p>O crescimento de casos em estados das regi\u00f5es Norte e Centro-Oeste tem sido acompanhado com aten\u00e7\u00e3o, pois essas \u00e1reas tamb\u00e9m apresentam um aumento na incid\u00eancia de S\u00edndrome Respirat\u00f3ria Aguda Grave (SRAG) relacionada \u00e0 Covid-19, especialmente entre idosos. No Cear\u00e1, estado l\u00edder em infec\u00e7\u00f5es no interior, foram registrados 12.172 casos. Segundo dados do Boletim InfoGripe da Fiocruz, o munic\u00edpio de Maranguape (CE) confirmou 581 infec\u00e7\u00f5es na segunda semana de 2025.<\/p>\n\n\n\n<p>Para o infectologista Manuel Pal\u00e1cios, a situa\u00e7\u00e3o demanda aten\u00e7\u00e3o. \u201cEmbora o n\u00famero de \u00f3bitos esteja abaixo dos picos da pandemia, n\u00e3o devemos subestimar o risco, especialmente com o surgimento de variantes mais transmiss\u00edveis\u201d, alerta.<\/p>\n\n\n\n<p><strong>Cancelamento de Eventos e Uso de M\u00e1scaras<\/strong><\/p>\n\n\n\n<p>Diante do aumento de casos, algumas prefeituras est\u00e3o adotando medidas para conter a transmiss\u00e3o. Em Aragua\u00edna (TO), foram confirmados 360 casos de Covid-19 entre 1\u00ba e 18 de fevereiro. Como resposta, a prefeitura cancelou as festividades de Carnaval, redirecionando R$ 1,2 milh\u00e3o, que seriam utilizados no evento, para investimentos em sa\u00fade, incluindo a cria\u00e7\u00e3o de uma cl\u00ednica veterin\u00e1ria p\u00fablica e uma Cl\u00ednica de Sa\u00fade Mental.<\/p>\n\n\n\n<p>Al\u00e9m disso, alguns munic\u00edpios do Tocantins, como S\u00e3o Sebasti\u00e3o, Lajeado, Cristal\u00e2ndia e Baba\u00e7ul\u00e2ndia, voltaram a exigir o uso de m\u00e1scaras. Em Carolina (MA), j\u00e1 foram confirmados 51 casos, dos quais 11 ainda est\u00e3o ativos.<\/p>\n\n\n\n<p><strong>Distribui\u00e7\u00e3o dos Casos no Interior<\/strong><\/p>\n\n\n\n<p>Entre 1\u00ba de janeiro e 8 de fevereiro, os estados com maior n\u00famero de casos no interior foram:<\/p>\n\n\n\n<ul class=\"wp-block-list\">\n<li><strong>Cear\u00e1<\/strong>: 12.172 casos, 0 \u00f3bitos<\/li>\n\n\n\n<li><strong>Minas Gerais<\/strong>: 8.356 casos, 64 \u00f3bitos<\/li>\n\n\n\n<li><strong>S\u00e3o Paulo<\/strong>: 7.726 casos, 129 \u00f3bitos<\/li>\n\n\n\n<li><strong>Goi\u00e1s<\/strong>: 5.984 casos, 107 \u00f3bitos<\/li>\n\n\n\n<li><strong>Mato Grosso<\/strong>: 5.302 casos, 10 \u00f3bitos<\/li>\n<\/ul>\n\n\n\n<p>A regi\u00e3o Nordeste lidera o n\u00famero de casos, com 23.261 infec\u00e7\u00f5es em munic\u00edpios do interior, seguida pelo Sudeste, que soma 19.836 casos. No entanto, o Sudeste tem o maior n\u00famero de mortes, com 236 \u00f3bitos registrados.<\/p>\n\n\n\n<p><strong>Riscos Durante o Carnaval<\/strong><\/p>\n\n\n\n<p>Com a chegada do Carnaval, especialistas alertam sobre o risco de aumento de transmiss\u00e3o da Covid-19. \u201cGrandes aglomera\u00e7\u00f5es, especialmente em espa\u00e7os fechados, favorecem a propaga\u00e7\u00e3o do v\u00edrus\u201d, destaca Pal\u00e1cios.<\/p>\n\n\n\n<p>Ele recomenda que a popula\u00e7\u00e3o evite locais lotados, utilize m\u00e1scaras em ambientes fechados e mantenha a vacina\u00e7\u00e3o em dia. \u201cEstar imunizado \u00e9 a principal forma de preven\u00e7\u00e3o contra formas graves da doen\u00e7a. Quem apresentar sintomas deve buscar atendimento m\u00e9dico e evitar contato com outras pessoas\u201d, refor\u00e7a o especialista.<\/p>\n\n\n\n<p>Caso as medidas preventivas n\u00e3o sejam seguidas, h\u00e1 risco de aumento expressivo nos casos e press\u00e3o sobre o sistema de sa\u00fade. Portanto, \u00e9 essencial manter a cautela, mesmo durante a celebra\u00e7\u00e3o.<\/p>\n\n\n\n<p>Fonte: Brasil 61<\/p>\n<input type=\"hidden\" id=\"baseurl\" value=\"https:\/\/noticiasregionais.com.br\"><input type=\"hidden\" id=\"audio_nonce\" value=\"533fbb67b1\">","protected":false},"excerpt":{"rendered":"<p>At\u00e9 8 de fevereiro, o Brasil registrou 94.701 casos de Covid-19 e 429 \u00f3bitos, sendo que 68.638 desses casos ocorreram&hellip;<\/p>\n","protected":false},"author":1,"featured_media":4499,"comment_status":"closed","ping_status":"open","sticky":false,"template":"","format":"standard","meta":{"sfsi_plus_gutenberg_text_before_share":"","sfsi_plus_gutenberg_show_text_before_share":"","sfsi_plus_gutenberg_icon_type":"","sfsi_plus_gutenberg_icon_alignemt":"","sfsi_plus_gutenburg_max_per_row":"","footnotes":""},"categories":[8,10,1],"tags":[],"class_list":["post-4498","post","type-post","status-publish","format-standard","has-post-thumbnail","hentry","category-brasil","category-destaques","category-noticias"],"_links":{"self":[{"href":"https:\/\/noticiasregionais.com.br\/index.php?rest_route=\/wp\/v2\/posts\/4498","targetHints":{"allow":["GET"]}}],"collection":[{"href":"https:\/\/noticiasregionais.com.br\/index.php?rest_route=\/wp\/v2\/posts"}],"about":[{"href":"https:\/\/noticiasregionais.com.br\/index.php?rest_route=\/wp\/v2\/types\/post"}],"author":[{"embeddable":true,"href":"https:\/\/noticiasregionais.com.br\/index.php?rest_route=\/wp\/v2\/users\/1"}],"replies":[{"embeddable":true,"href":"https:\/\/noticiasregionais.com.br\/index.php?rest_route=%2Fwp%2Fv2%2Fcomments&post=4498"}],"version-history":[{"count":1,"href":"https:\/\/noticiasregionais.com.br\/index.php?rest_route=\/wp\/v2\/posts\/4498\/revisions"}],"predecessor-version":[{"id":4500,"href":"https:\/\/noticiasregionais.com.br\/index.php?rest_route=\/wp\/v2\/posts\/4498\/revisions\/4500"}],"wp:featuredmedia":[{"embeddable":true,"href":"https:\/\/noticiasregionais.com.br\/index.php?rest_route=\/wp\/v2\/media\/4499"}],"wp:attachment":[{"href":"https:\/\/noticiasregionais.com.br\/index.php?rest_route=%2Fwp%2Fv2%2Fmedia&parent=4498"}],"wp:term":[{"taxonomy":"category","embeddable":true,"href":"https:\/\/noticiasregionais.com.br\/index.php?rest_route=%2Fwp%2Fv2%2Fcategories&post=4498"},{"taxonomy":"post_tag","embeddable":true,"href":"https:\/\/noticiasregionais.com.br\/index.php?rest_route=%2Fwp%2Fv2%2Ftags&post=4498"}],"curies":[{"name":"wp","href":"https:\/\/api.w.org\/{rel}","templated":true}]}}