{"id":4501,"date":"2025-02-21T07:54:43","date_gmt":"2025-02-21T10:54:43","guid":{"rendered":"https:\/\/noticiasregionais.com.br\/?p=4501"},"modified":"2025-02-22T09:25:21","modified_gmt":"2025-02-22T12:25:21","slug":"faculdade-estacio-de-sa-ourinhos-cursos-de-engenharia-para-um-futuro-promissor","status":"publish","type":"post","link":"https:\/\/noticiasregionais.com.br\/?p=4501","title":{"rendered":"Faculdade Est\u00e1cio de S\u00e1 Ourinhos: Cursos de Engenharia para um Futuro Promissor"},"content":{"rendered":"\n<p>A Faculdade Est\u00e1cio de S\u00e1 de Ourinhos est\u00e1 com matr\u00edculas abertas para os cursos de Engenharia Civil e Engenharia de Produ\u00e7\u00e3o, oferecendo uma forma\u00e7\u00e3o completa para quem deseja se destacar no mercado de trabalho. Com um ensino voltado \u00e0 pr\u00e1tica e \u00e0s demandas da ind\u00fastria, a institui\u00e7\u00e3o prepara profissionais qualificados para atuar em diversas \u00e1reas da engenharia.<\/p>\n\n\n\n<p>Os cursos contam com uma infraestrutura moderna, incluindo laborat\u00f3rios equipados para proporcionar experi\u00eancias pr\u00e1ticas essenciais ao aprendizado. Al\u00e9m disso, o corpo docente \u00e9 composto por profissionais altamente qualificados, que trazem para a sala de aula conhecimentos atualizados e alinhados com as exig\u00eancias do setor.<\/p>\n\n\n\n<p>A Engenharia Civil forma especialistas em planejamento, execu\u00e7\u00e3o e manuten\u00e7\u00e3o de obras, capacitando os alunos para atuar em projetos estruturais, hidr\u00e1ulicos e geot\u00e9cnicos. J\u00e1 a Engenharia de Produ\u00e7\u00e3o prepara profissionais para otimizar processos produtivos, reduzir custos e aumentar a efici\u00eancia das empresas, sendo uma \u00e1rea estrat\u00e9gica para a ind\u00fastria e os servi\u00e7os.<\/p>\n\n\n\n<p>Estudar na Est\u00e1cio de S\u00e1 Ourinhos \u00e9 uma oportunidade de investir no futuro com qualidade e inova\u00e7\u00e3o. Agora, voc\u00ea pode ingressar na gradua\u00e7\u00e3o com at\u00e9 70% de desconto! N\u00e3o perca essa chance de estudar em uma das melhores institui\u00e7\u00f5es do Brasil e transformar seu futuro.<\/p>\n\n\n\n<p>As matr\u00edculas j\u00e1 est\u00e3o abertas! Para mais informa\u00e7\u00f5es sobre os cursos e formas de ingresso, entre em contato pelo WhatsApp (14) 98182-0242 e d\u00ea o primeiro passo para uma carreira de sucesso. Vem para a Est\u00e1cio Ourinhos!<\/p>\n\n\n\n<figure class=\"wp-block-gallery has-nested-images columns-4 is-cropped wp-block-gallery-1 is-layout-flex wp-block-gallery-is-layout-flex\">\n<figure class=\"wp-block-image size-large\"><a href=\"https:\/\/noticiasregionais.com.br\/wp-content\/uploads\/2025\/02\/WhatsApp-Image-2025-02-17-at-16.59.05-3.jpeg\"><img decoding=\"async\" width=\"897\" height=\"676\" data-id=\"4504\" src=\"https:\/\/noticiasregionais.com.br\/wp-content\/uploads\/2025\/02\/WhatsApp-Image-2025-02-17-at-16.59.05-3.jpeg\" alt=\"\" class=\"wp-image-4504\" srcset=\"https:\/\/noticiasregionais.com.br\/wp-content\/uploads\/2025\/02\/WhatsApp-Image-2025-02-17-at-16.59.05-3.jpeg 897w, https:\/\/noticiasregionais.com.br\/wp-content\/uploads\/2025\/02\/WhatsApp-Image-2025-02-17-at-16.59.05-3-300x226.jpeg 300w, https:\/\/noticiasregionais.com.br\/wp-content\/uploads\/2025\/02\/WhatsApp-Image-2025-02-17-at-16.59.05-3-768x579.jpeg 768w\" sizes=\"(max-width: 897px) 100vw, 897px\" \/><\/a><\/figure>\n\n\n\n<figure class=\"wp-block-image size-large\"><a href=\"https:\/\/noticiasregionais.com.br\/wp-content\/uploads\/2025\/02\/WhatsApp-Image-2025-02-17-at-16.59.05-2.jpeg\"><img decoding=\"async\" width=\"1024\" height=\"1024\" data-id=\"4503\" src=\"https:\/\/noticiasregionais.com.br\/wp-content\/uploads\/2025\/02\/WhatsApp-Image-2025-02-17-at-16.59.05-2-1024x1024.jpeg\" alt=\"\" class=\"wp-image-4503\" srcset=\"https:\/\/noticiasregionais.com.br\/wp-content\/uploads\/2025\/02\/WhatsApp-Image-2025-02-17-at-16.59.05-2-1024x1024.jpeg 1024w, https:\/\/noticiasregionais.com.br\/wp-content\/uploads\/2025\/02\/WhatsApp-Image-2025-02-17-at-16.59.05-2-300x300.jpeg 300w, https:\/\/noticiasregionais.com.br\/wp-content\/uploads\/2025\/02\/WhatsApp-Image-2025-02-17-at-16.59.05-2-150x150.jpeg 150w, https:\/\/noticiasregionais.com.br\/wp-content\/uploads\/2025\/02\/WhatsApp-Image-2025-02-17-at-16.59.05-2-768x768.jpeg 768w, https:\/\/noticiasregionais.com.br\/wp-content\/uploads\/2025\/02\/WhatsApp-Image-2025-02-17-at-16.59.05-2.jpeg 1238w\" sizes=\"(max-width: 1024px) 100vw, 1024px\" \/><\/a><\/figure>\n\n\n\n<figure class=\"wp-block-image size-large\"><a href=\"https:\/\/noticiasregionais.com.br\/wp-content\/uploads\/2025\/02\/WhatsApp-Image-2025-02-17-at-16.59.05-1.jpeg\"><img decoding=\"async\" width=\"767\" height=\"1024\" data-id=\"4502\" src=\"https:\/\/noticiasregionais.com.br\/wp-content\/uploads\/2025\/02\/WhatsApp-Image-2025-02-17-at-16.59.05-1-767x1024.jpeg\" alt=\"\" class=\"wp-image-4502\" srcset=\"https:\/\/noticiasregionais.com.br\/wp-content\/uploads\/2025\/02\/WhatsApp-Image-2025-02-17-at-16.59.05-1-767x1024.jpeg 767w, https:\/\/noticiasregionais.com.br\/wp-content\/uploads\/2025\/02\/WhatsApp-Image-2025-02-17-at-16.59.05-1-225x300.jpeg 225w, https:\/\/noticiasregionais.com.br\/wp-content\/uploads\/2025\/02\/WhatsApp-Image-2025-02-17-at-16.59.05-1-768x1025.jpeg 768w, https:\/\/noticiasregionais.com.br\/wp-content\/uploads\/2025\/02\/WhatsApp-Image-2025-02-17-at-16.59.05-1.jpeg 1131w\" sizes=\"(max-width: 767px) 100vw, 767px\" \/><\/a><\/figure>\n\n\n\n<figure class=\"wp-block-image size-full\"><a href=\"https:\/\/noticiasregionais.com.br\/wp-content\/uploads\/2025\/02\/WhatsApp-Image-2025-02-17-at-16.59.05-4.jpeg\"><img decoding=\"async\" width=\"962\" height=\"768\" data-id=\"4508\" src=\"https:\/\/noticiasregionais.com.br\/wp-content\/uploads\/2025\/02\/WhatsApp-Image-2025-02-17-at-16.59.05-4.jpeg\" alt=\"\" class=\"wp-image-4508\" srcset=\"https:\/\/noticiasregionais.com.br\/wp-content\/uploads\/2025\/02\/WhatsApp-Image-2025-02-17-at-16.59.05-4.jpeg 962w, https:\/\/noticiasregionais.com.br\/wp-content\/uploads\/2025\/02\/WhatsApp-Image-2025-02-17-at-16.59.05-4-300x240.jpeg 300w, https:\/\/noticiasregionais.com.br\/wp-content\/uploads\/2025\/02\/WhatsApp-Image-2025-02-17-at-16.59.05-4-768x613.jpeg 768w\" sizes=\"(max-width: 962px) 100vw, 962px\" \/><\/a><\/figure>\n<\/figure>\n\n\n\n<p><\/p>\n<input type=\"hidden\" id=\"baseurl\" value=\"https:\/\/noticiasregionais.com.br\"><input type=\"hidden\" id=\"audio_nonce\" value=\"533fbb67b1\">","protected":false},"excerpt":{"rendered":"<p>A Faculdade Est\u00e1cio de S\u00e1 de Ourinhos est\u00e1 com matr\u00edculas abertas para os cursos de Engenharia Civil e Engenharia de&hellip;<\/p>\n","protected":false},"author":1,"featured_media":4506,"comment_status":"closed","ping_status":"open","sticky":false,"template":"","format":"standard","meta":{"sfsi_plus_gutenberg_text_before_share":"","sfsi_plus_gutenberg_show_text_before_share":"","sfsi_plus_gutenberg_icon_type":"","sfsi_plus_gutenberg_icon_alignemt":"","sfsi_plus_gutenburg_max_per_row":"","footnotes":""},"categories":[5,10,1],"tags":[16],"class_list":["post-4501","post","type-post","status-publish","format-standard","has-post-thumbnail","hentry","category-ourinhos","category-destaques","category-noticias","tag-ourinhos"],"_links":{"self":[{"href":"https:\/\/noticiasregionais.com.br\/index.php?rest_route=\/wp\/v2\/posts\/4501","targetHints":{"allow":["GET"]}}],"collection":[{"href":"https:\/\/noticiasregionais.com.br\/index.php?rest_route=\/wp\/v2\/posts"}],"about":[{"href":"https:\/\/noticiasregionais.com.br\/index.php?rest_route=\/wp\/v2\/types\/post"}],"author":[{"embeddable":true,"href":"https:\/\/noticiasregionais.com.br\/index.php?rest_route=\/wp\/v2\/users\/1"}],"replies":[{"embeddable":true,"href":"https:\/\/noticiasregionais.com.br\/index.php?rest_route=%2Fwp%2Fv2%2Fcomments&post=4501"}],"version-history":[{"count":2,"href":"https:\/\/noticiasregionais.com.br\/index.php?rest_route=\/wp\/v2\/posts\/4501\/revisions"}],"predecessor-version":[{"id":4509,"href":"https:\/\/noticiasregionais.com.br\/index.php?rest_route=\/wp\/v2\/posts\/4501\/revisions\/4509"}],"wp:featuredmedia":[{"embeddable":true,"href":"https:\/\/noticiasregionais.com.br\/index.php?rest_route=\/wp\/v2\/media\/4506"}],"wp:attachment":[{"href":"https:\/\/noticiasregionais.com.br\/index.php?rest_route=%2Fwp%2Fv2%2Fmedia&parent=4501"}],"wp:term":[{"taxonomy":"category","embeddable":true,"href":"https:\/\/noticiasregionais.com.br\/index.php?rest_route=%2Fwp%2Fv2%2Fcategories&post=4501"},{"taxonomy":"post_tag","embeddable":true,"href":"https:\/\/noticiasregionais.com.br\/index.php?rest_route=%2Fwp%2Fv2%2Ftags&post=4501"}],"curies":[{"name":"wp","href":"https:\/\/api.w.org\/{rel}","templated":true}]}}