{"id":4510,"date":"2025-02-22T09:24:26","date_gmt":"2025-02-22T12:24:26","guid":{"rendered":"https:\/\/noticiasregionais.com.br\/?p=4510"},"modified":"2025-02-22T09:24:30","modified_gmt":"2025-02-22T12:24:30","slug":"morcegos-em-casa-podem-transmitir-raiva-comunique-o-centro-de-zoonoses-em-ourinhos","status":"publish","type":"post","link":"https:\/\/noticiasregionais.com.br\/?p=4510","title":{"rendered":"Morcegos em casa podem transmitir raiva: Comunique o centro de zoonoses em Ourinhos"},"content":{"rendered":"\n<p>A presen\u00e7a de morcegos em resid\u00eancias e estabelecimentos comerciais tem sido cada vez mais relatada na cidade de Ourinhos. Embora esses animais desempenhem um papel essencial no ecossistema, sua proximidade com humanos pode representar riscos, especialmente pela possibilidade de transmiss\u00e3o da raiva.<\/p>\n\n\n\n<h3 class=\"wp-block-heading\">Como proceder ao encontrar um morcego?<\/h3>\n\n\n\n<p>Se avistar um morcego em sua casa ou quintal, evite toc\u00e1-lo. Caso o animal esteja no ch\u00e3o ou apresente comportamento incomum, como voar durante o dia ou dificuldade para se locomover, mantenha crian\u00e7as e animais de estima\u00e7\u00e3o afastados.<\/p>\n\n\n\n<p>Uma op\u00e7\u00e3o segura \u00e9 isol\u00e1-lo em um recipiente sem toc\u00e1-lo diretamente, facilitando a remo\u00e7\u00e3o pelas autoridades. O contato com o Centro de Controle de Zoonoses deve ser feito pelo telefone (14) 3326-9323 para que o animal seja recolhido de forma adequada.<\/p>\n\n\n\n<h3 class=\"wp-block-heading\">O que n\u00e3o deve ser feito?<\/h3>\n\n\n\n<ul class=\"wp-block-list\">\n<li>Evite capturar o morcego com as m\u00e3os ou mat\u00e1-lo.<\/li>\n\n\n\n<li>N\u00e3o tente solt\u00e1-lo em outro local sem orienta\u00e7\u00e3o de profissionais, pois ele pode estar contaminado.<\/li>\n\n\n\n<li>N\u00e3o ignore a presen\u00e7a do animal, pois ele pode transmitir doen\u00e7as.<\/li>\n<\/ul>\n\n\n\n<p>Se seu c\u00e3o ou gato entrar em contato com um morcego, siga os passos abaixo:<\/p>\n\n\n\n<ul class=\"wp-block-list\">\n<li>Impedir que o animal continue o contato e n\u00e3o tocar no morcego.<\/li>\n\n\n\n<li>Comunicar imediatamente a Vigil\u00e2ncia Sanit\u00e1ria ou o Centro de Controle de Zoonoses.<\/li>\n\n\n\n<li>Levar o pet ao veterin\u00e1rio para avalia\u00e7\u00e3o e poss\u00edvel administra\u00e7\u00e3o da vacina antirr\u00e1bica.<\/li>\n<\/ul>\n\n\n\n<h3 class=\"wp-block-heading\">A import\u00e2ncia de notificar as autoridades<\/h3>\n\n\n\n<p>A comunica\u00e7\u00e3o sobre morcegos em \u00e1reas urbanas \u00e9 crucial para prevenir surtos de raiva. Essa doen\u00e7a \u00e9 fatal tanto para humanos quanto para animais, mas pode ser evitada com a vacina\u00e7\u00e3o antirr\u00e1bica e o controle adequado dos morcegos suspeitos.<\/p>\n\n\n\n<p>Em Ourinhos, o primeiro caso de raiva foi registrado em um gato em 2019. Posteriormente, outros dois casos ocorreram, dessa vez em morcegos.<\/p>\n\n\n\n<p>Esses animais costumam se abrigar em v\u00e3os de telhados e outras estruturas. Se notar a presen\u00e7a de morcegos em sua resid\u00eancia, acione os \u00f3rg\u00e3os respons\u00e1veis para garantir a seguran\u00e7a da sua fam\u00edlia e dos seus animais de estima\u00e7\u00e3o.<\/p>\n\n\n\n<p>Compartilhe esta informa\u00e7\u00e3o e ajude a proteger sua comunidade!<\/p>\n\n\n\n<figure class=\"wp-block-gallery has-nested-images columns-default is-cropped wp-block-gallery-1 is-layout-flex wp-block-gallery-is-layout-flex\">\n<figure class=\"wp-block-image size-large\"><img decoding=\"async\" width=\"819\" height=\"1024\" data-id=\"4512\" src=\"https:\/\/noticiasregionais.com.br\/wp-content\/uploads\/2025\/02\/WhatsApp-Image-2025-02-21-at-11.42.051-819x1024.jpeg\" alt=\"\" class=\"wp-image-4512\" srcset=\"https:\/\/noticiasregionais.com.br\/wp-content\/uploads\/2025\/02\/WhatsApp-Image-2025-02-21-at-11.42.051-819x1024.jpeg 819w, https:\/\/noticiasregionais.com.br\/wp-content\/uploads\/2025\/02\/WhatsApp-Image-2025-02-21-at-11.42.051-240x300.jpeg 240w, https:\/\/noticiasregionais.com.br\/wp-content\/uploads\/2025\/02\/WhatsApp-Image-2025-02-21-at-11.42.051-768x961.jpeg 768w, https:\/\/noticiasregionais.com.br\/wp-content\/uploads\/2025\/02\/WhatsApp-Image-2025-02-21-at-11.42.051-1228x1536.jpeg 1228w, https:\/\/noticiasregionais.com.br\/wp-content\/uploads\/2025\/02\/WhatsApp-Image-2025-02-21-at-11.42.051.jpeg 1279w\" sizes=\"(max-width: 819px) 100vw, 819px\" \/><\/figure>\n\n\n\n<figure class=\"wp-block-image size-large\"><img decoding=\"async\" width=\"819\" height=\"1024\" data-id=\"4513\" src=\"https:\/\/noticiasregionais.com.br\/wp-content\/uploads\/2025\/02\/WhatsApp-Image-2025-02-21-at-11.42.05-819x1024.jpeg\" alt=\"\" class=\"wp-image-4513\" srcset=\"https:\/\/noticiasregionais.com.br\/wp-content\/uploads\/2025\/02\/WhatsApp-Image-2025-02-21-at-11.42.05-819x1024.jpeg 819w, https:\/\/noticiasregionais.com.br\/wp-content\/uploads\/2025\/02\/WhatsApp-Image-2025-02-21-at-11.42.05-240x300.jpeg 240w, https:\/\/noticiasregionais.com.br\/wp-content\/uploads\/2025\/02\/WhatsApp-Image-2025-02-21-at-11.42.05-768x961.jpeg 768w, https:\/\/noticiasregionais.com.br\/wp-content\/uploads\/2025\/02\/WhatsApp-Image-2025-02-21-at-11.42.05-1228x1536.jpeg 1228w, https:\/\/noticiasregionais.com.br\/wp-content\/uploads\/2025\/02\/WhatsApp-Image-2025-02-21-at-11.42.05.jpeg 1279w\" sizes=\"(max-width: 819px) 100vw, 819px\" \/><\/figure>\n<\/figure>\n<input type=\"hidden\" id=\"baseurl\" value=\"https:\/\/noticiasregionais.com.br\"><input type=\"hidden\" id=\"audio_nonce\" value=\"533fbb67b1\">","protected":false},"excerpt":{"rendered":"<p>A presen\u00e7a de morcegos em resid\u00eancias e estabelecimentos comerciais tem sido cada vez mais relatada na cidade de Ourinhos. Embora&hellip;<\/p>\n","protected":false},"author":1,"featured_media":4511,"comment_status":"closed","ping_status":"open","sticky":false,"template":"","format":"standard","meta":{"sfsi_plus_gutenberg_text_before_share":"","sfsi_plus_gutenberg_show_text_before_share":"","sfsi_plus_gutenberg_icon_type":"","sfsi_plus_gutenberg_icon_alignemt":"","sfsi_plus_gutenburg_max_per_row":"","footnotes":""},"categories":[5,12,1],"tags":[16],"class_list":["post-4510","post","type-post","status-publish","format-standard","has-post-thumbnail","hentry","category-ourinhos","category-capa","category-noticias","tag-ourinhos"],"_links":{"self":[{"href":"https:\/\/noticiasregionais.com.br\/index.php?rest_route=\/wp\/v2\/posts\/4510","targetHints":{"allow":["GET"]}}],"collection":[{"href":"https:\/\/noticiasregionais.com.br\/index.php?rest_route=\/wp\/v2\/posts"}],"about":[{"href":"https:\/\/noticiasregionais.com.br\/index.php?rest_route=\/wp\/v2\/types\/post"}],"author":[{"embeddable":true,"href":"https:\/\/noticiasregionais.com.br\/index.php?rest_route=\/wp\/v2\/users\/1"}],"replies":[{"embeddable":true,"href":"https:\/\/noticiasregionais.com.br\/index.php?rest_route=%2Fwp%2Fv2%2Fcomments&post=4510"}],"version-history":[{"count":1,"href":"https:\/\/noticiasregionais.com.br\/index.php?rest_route=\/wp\/v2\/posts\/4510\/revisions"}],"predecessor-version":[{"id":4514,"href":"https:\/\/noticiasregionais.com.br\/index.php?rest_route=\/wp\/v2\/posts\/4510\/revisions\/4514"}],"wp:featuredmedia":[{"embeddable":true,"href":"https:\/\/noticiasregionais.com.br\/index.php?rest_route=\/wp\/v2\/media\/4511"}],"wp:attachment":[{"href":"https:\/\/noticiasregionais.com.br\/index.php?rest_route=%2Fwp%2Fv2%2Fmedia&parent=4510"}],"wp:term":[{"taxonomy":"category","embeddable":true,"href":"https:\/\/noticiasregionais.com.br\/index.php?rest_route=%2Fwp%2Fv2%2Fcategories&post=4510"},{"taxonomy":"post_tag","embeddable":true,"href":"https:\/\/noticiasregionais.com.br\/index.php?rest_route=%2Fwp%2Fv2%2Ftags&post=4510"}],"curies":[{"name":"wp","href":"https:\/\/api.w.org\/{rel}","templated":true}]}}