{"id":4515,"date":"2025-02-22T09:29:27","date_gmt":"2025-02-22T12:29:27","guid":{"rendered":"https:\/\/noticiasregionais.com.br\/?p=4515"},"modified":"2025-02-22T09:29:30","modified_gmt":"2025-02-22T12:29:30","slug":"operacao-carnaval-2025-prf-reforca-fiscalizacao-nas-rodovias-federais-de-sao-paulo","status":"publish","type":"post","link":"https:\/\/noticiasregionais.com.br\/?p=4515","title":{"rendered":"Opera\u00e7\u00e3o Carnaval 2025: PRF refor\u00e7a fiscaliza\u00e7\u00e3o nas rodovias federais de S\u00e3o Paulo"},"content":{"rendered":"\n<p>Com o objetivo de aumentar a seguran\u00e7a vi\u00e1ria e reduzir acidentes durante o feriado prolongado, a Pol\u00edcia Rodovi\u00e1ria Federal (PRF) dar\u00e1 in\u00edcio \u00e0 Opera\u00e7\u00e3o Carnaval 2025 a partir da meia-noite desta sexta-feira (24). A a\u00e7\u00e3o, que se estender\u00e1 at\u00e9 a noite da Quarta-feira de Cinzas (06\/03), faz parte da Opera\u00e7\u00e3o Rodovida 2024\/2025 e intensificar\u00e1 a fiscaliza\u00e7\u00e3o nas estradas paulistas.<\/p>\n\n\n\n<h3 class=\"wp-block-heading\">Foco na seguran\u00e7a e preven\u00e7\u00e3o de acidentes<\/h3>\n\n\n\n<p>Diante do aumento no fluxo de ve\u00edculos esperado para o per\u00edodo, a PRF concentrar\u00e1 esfor\u00e7os na preven\u00e7\u00e3o de acidentes relacionados ao excesso de velocidade e \u00e0 dire\u00e7\u00e3o sob efeito de \u00e1lcool. Para isso, a fiscaliza\u00e7\u00e3o ser\u00e1 refor\u00e7ada em trechos considerados cr\u00edticos, com hist\u00f3rico elevado de sinistros.<\/p>\n\n\n\n<p>Al\u00e9m disso, radares m\u00f3veis e testes de alcoolemia ser\u00e3o amplamente utilizados para coibir infra\u00e7\u00f5es que colocam em risco a seguran\u00e7a de motoristas e passageiros. Equipes policiais estar\u00e3o posicionadas estrategicamente nos hor\u00e1rios e locais de maior movimenta\u00e7\u00e3o para garantir a efic\u00e1cia da opera\u00e7\u00e3o.<\/p>\n\n\n\n<h3 class=\"wp-block-heading\">Medidas de fiscaliza\u00e7\u00e3o refor\u00e7adas<\/h3>\n\n\n\n<p>Durante o feriado, a PRF implementar\u00e1 a\u00e7\u00f5es espec\u00edficas para garantir um tr\u00e2nsito mais seguro:<\/p>\n\n\n\n<ul class=\"wp-block-list\">\n<li><strong>Monitoramento rigoroso da velocidade<\/strong> com o uso de radares m\u00f3veis;<\/li>\n\n\n\n<li><strong>Blitze de alcoolemia<\/strong>, ampliando o n\u00famero de testes de baf\u00f4metro;<\/li>\n\n\n\n<li><strong>Policiamento ostensivo<\/strong> para coibir infra\u00e7\u00f5es e refor\u00e7ar a sensa\u00e7\u00e3o de seguran\u00e7a;<\/li>\n\n\n\n<li><strong>Campanhas educativas<\/strong>, alertando motoristas sobre pr\u00e1ticas seguras no tr\u00e2nsito.<\/li>\n<\/ul>\n\n\n\n<h3 class=\"wp-block-heading\">Restri\u00e7\u00f5es de tr\u00e1fego para ve\u00edculos de grande porte<\/h3>\n\n\n\n<p>Para minimizar congestionamentos e aumentar a seguran\u00e7a nas rodovias, a PRF estabelecer\u00e1 restri\u00e7\u00f5es tempor\u00e1rias de tr\u00e1fego para ve\u00edculos superdimensionados. Esses ve\u00edculos, que ultrapassam determinadas medidas de largura, altura, comprimento e peso, n\u00e3o poder\u00e3o circular em rodovias de pista simples e em determinados trechos da Rodovia Presidente Dutra.<\/p>\n\n\n\n<h4 class=\"wp-block-heading\"><strong>Dias e hor\u00e1rios das restri\u00e7\u00f5es:<\/strong><\/h4>\n\n\n\n<ul class=\"wp-block-list\">\n<li><strong>Sexta-feira (28\/02):<\/strong> das 16h \u00e0s 22h;<\/li>\n\n\n\n<li><strong>S\u00e1bado (01\/03):<\/strong> das 6h \u00e0s 12h;<\/li>\n\n\n\n<li><strong>Ter\u00e7a-feira (04\/03):<\/strong> das 16h \u00e0s 22h;<\/li>\n\n\n\n<li><strong>Quarta-feira (05\/03):<\/strong> das 6h \u00e0s 12h.<\/li>\n<\/ul>\n\n\n\n<h3 class=\"wp-block-heading\">Dicas para um Carnaval seguro<\/h3>\n\n\n\n<p>Para evitar acidentes e garantir um feriado tranquilo, a PRF orienta:<\/p>\n\n\n\n<ul class=\"wp-block-list\">\n<li><strong>Respeite os limites de velocidade<\/strong>, reduzindo riscos de colis\u00f5es;<\/li>\n\n\n\n<li><strong>Nunca dirija sob efeito de \u00e1lcool<\/strong>, opte por transporte alternativo se consumir bebidas alco\u00f3licas;<\/li>\n\n\n\n<li><strong>Verifique as condi\u00e7\u00f5es do ve\u00edculo<\/strong> antes de pegar a estrada;<\/li>\n\n\n\n<li><strong>Evite distra\u00e7\u00f5es ao volante<\/strong>, como o uso do celular;<\/li>\n\n\n\n<li><strong>Ultrapasse com seguran\u00e7a<\/strong>, respeitando a sinaliza\u00e7\u00e3o;<\/li>\n\n\n\n<li><strong>Use sempre o cinto de seguran\u00e7a<\/strong>, garantindo prote\u00e7\u00e3o a todos os ocupantes.<\/li>\n<\/ul>\n\n\n\n<p>A PRF refor\u00e7a seu compromisso com a seguran\u00e7a vi\u00e1ria e pede a colabora\u00e7\u00e3o dos motoristas para que todos possam aproveitar o Carnaval de forma segura e sem acidentes.<\/p>\n\n\n\n<p><strong>&#8220;Desacelere. Seu bem maior \u00e9 a vida.&#8221;<\/strong><\/p>\n<input type=\"hidden\" id=\"baseurl\" value=\"https:\/\/noticiasregionais.com.br\"><input type=\"hidden\" id=\"audio_nonce\" value=\"533fbb67b1\">","protected":false},"excerpt":{"rendered":"<p>Com o objetivo de aumentar a seguran\u00e7a vi\u00e1ria e reduzir acidentes durante o feriado prolongado, a Pol\u00edcia Rodovi\u00e1ria Federal (PRF)&hellip;<\/p>\n","protected":false},"author":1,"featured_media":4516,"comment_status":"closed","ping_status":"open","sticky":false,"template":"","format":"standard","meta":{"sfsi_plus_gutenberg_text_before_share":"","sfsi_plus_gutenberg_show_text_before_share":"","sfsi_plus_gutenberg_icon_type":"","sfsi_plus_gutenberg_icon_alignemt":"","sfsi_plus_gutenburg_max_per_row":"","footnotes":""},"categories":[1,10,6],"tags":[],"class_list":["post-4515","post","type-post","status-publish","format-standard","has-post-thumbnail","hentry","category-noticias","category-destaques","category-sao_paulo"],"_links":{"self":[{"href":"https:\/\/noticiasregionais.com.br\/index.php?rest_route=\/wp\/v2\/posts\/4515","targetHints":{"allow":["GET"]}}],"collection":[{"href":"https:\/\/noticiasregionais.com.br\/index.php?rest_route=\/wp\/v2\/posts"}],"about":[{"href":"https:\/\/noticiasregionais.com.br\/index.php?rest_route=\/wp\/v2\/types\/post"}],"author":[{"embeddable":true,"href":"https:\/\/noticiasregionais.com.br\/index.php?rest_route=\/wp\/v2\/users\/1"}],"replies":[{"embeddable":true,"href":"https:\/\/noticiasregionais.com.br\/index.php?rest_route=%2Fwp%2Fv2%2Fcomments&post=4515"}],"version-history":[{"count":1,"href":"https:\/\/noticiasregionais.com.br\/index.php?rest_route=\/wp\/v2\/posts\/4515\/revisions"}],"predecessor-version":[{"id":4517,"href":"https:\/\/noticiasregionais.com.br\/index.php?rest_route=\/wp\/v2\/posts\/4515\/revisions\/4517"}],"wp:featuredmedia":[{"embeddable":true,"href":"https:\/\/noticiasregionais.com.br\/index.php?rest_route=\/wp\/v2\/media\/4516"}],"wp:attachment":[{"href":"https:\/\/noticiasregionais.com.br\/index.php?rest_route=%2Fwp%2Fv2%2Fmedia&parent=4515"}],"wp:term":[{"taxonomy":"category","embeddable":true,"href":"https:\/\/noticiasregionais.com.br\/index.php?rest_route=%2Fwp%2Fv2%2Fcategories&post=4515"},{"taxonomy":"post_tag","embeddable":true,"href":"https:\/\/noticiasregionais.com.br\/index.php?rest_route=%2Fwp%2Fv2%2Ftags&post=4515"}],"curies":[{"name":"wp","href":"https:\/\/api.w.org\/{rel}","templated":true}]}}